{"id":44510,"date":"2023-05-05T21:11:58","date_gmt":"2023-09-26T19:11:58","guid":{"rendered":"https:\/\/www.logemann-yachting.de\/yachtshow-der-mediterranean-yacht-broker-association-myba-in-barcelona-2022-2\/"},"modified":"2023-11-07T14:17:46","modified_gmt":"2023-11-07T13:17:46","slug":"superyachtshow-in-palma-de-mallorca-2023","status":"publish","type":"post","link":"https:\/\/www.logemann-yachting.de\/en\/superyachtshow-in-palma-de-mallorca-2023\/","title":{"rendered":"Superyachtshow in Palma de Mallorca 27.04. &#8211; 30.04.2023"},"content":{"rendered":"<p>[et_pb_section fb_built=&#8221;1&#8243; custom_padding_last_edited=&#8221;on|desktop&#8221; admin_label=&#8221;section&#8221; _builder_version=&#8221;4.16&#8243; custom_padding_tablet=&#8221;&#8221; custom_padding_phone=&#8221;&#8221; transparent_background=&#8221;off&#8221; global_colors_info=&#8221;{}&#8221;][et_pb_row admin_label=&#8221;row&#8221; _builder_version=&#8221;4.16&#8243; background_size=&#8221;initial&#8221; background_position=&#8221;top_left&#8221; background_repeat=&#8221;repeat&#8221; global_colors_info=&#8221;{}&#8221;][et_pb_column type=&#8221;4_4&#8243; _builder_version=&#8221;4.16&#8243; custom_padding=&#8221;|||&#8221; global_colors_info=&#8221;{}&#8221; custom_padding__hover=&#8221;|||&#8221;][et_pb_post_title author=&#8221;off&#8221; categories=&#8221;off&#8221; comments=&#8221;off&#8221; featured_placement=&#8221;background&#8221; text_background=&#8221;on&#8221; text_bg_color=&#8221;rgba(244,244,244,0.65)&#8221; _builder_version=&#8221;4.22.0&#8243; title_font=&#8221;Oswald||||&#8221; title_text_color=&#8221;#41596b&#8221; title_font_size=&#8221;30px&#8221; meta_text_color=&#8221;#7d797b&#8221; background_color=&#8221;rgba(255,255,255,0)&#8221; text_orientation=&#8221;center&#8221; border_color_all=&#8221;#ffffff&#8221; parallax_effect=&#8221;off&#8221; module_bg_color=&#8221;rgba(255,255,255,0)&#8221; use_border_color=&#8221;off&#8221; border_color=&#8221;#ffffff&#8221; border_style=&#8221;solid&#8221; global_colors_info=&#8221;{}&#8221;][\/et_pb_post_title][\/et_pb_column][\/et_pb_row][et_pb_row _builder_version=&#8221;4.16&#8243; background_size=&#8221;initial&#8221; background_position=&#8221;top_left&#8221; background_repeat=&#8221;repeat&#8221; global_colors_info=&#8221;{}&#8221;][et_pb_column type=&#8221;4_4&#8243; _builder_version=&#8221;4.16&#8243; custom_padding=&#8221;|||&#8221; global_colors_info=&#8221;{}&#8221; custom_padding__hover=&#8221;|||&#8221;][et_pb_text admin_label=&#8221;Text&#8221; _builder_version=&#8221;4.23&#8243; background_size=&#8221;initial&#8221; background_position=&#8221;top_left&#8221; background_repeat=&#8221;repeat&#8221; hover_enabled=&#8221;0&#8243; border_color_all=&#8221;#ffffff&#8221; use_border_color=&#8221;off&#8221; border_color=&#8221;#ffffff&#8221; border_style=&#8221;solid&#8221; global_colors_info=&#8221;{}&#8221; sticky_enabled=&#8221;0&#8243;]<\/p>\n<p>&nbsp;<\/p>\n<p>&nbsp;<\/p>\n<p>J\u00fcrgen Logemann besucht diese Yachtshow jedes Jahr. Sie erfreut sich zunehmend gr\u00f6\u00dferer Beliebtheit und w\u00e4chst sichtlich. Im Unterschied zu anderen Yachtshows ist diese Show f\u00fcr jeden Interessierten ge\u00f6ffnet und nicht nur f\u00fcr Broker.<\/p>\n<p>32.000 Personen besuchten diese Show 2023, 264 Motor- und Segelyachten konnten besichtigt werden. Es werden Yachten f\u00fcr Charter und zum Verkauf vorgestellt.<\/p>\n<p>Besonders interessant ist die die interne Show Palma Superyacht Village, wo Yachten ab 24m L\u00e4nge vorgestellt werden.<\/p>\n<p>Die n\u00e4chste Show findet vom 25. &#8211; 28. April 2024 statt. Verbinden Sie Ihren Mallorca-Urlaub mit einem Besuch dieser Show, lohnt sich auf jeden Fall.<\/p>\n<p>&nbsp;<\/p>\n<p>&nbsp;<\/p>\n<p>&nbsp;<\/p>\n<p>&nbsp;<\/p>\n<p>[\/et_pb_text][\/et_pb_column][\/et_pb_row][et_pb_row _builder_version=&#8221;4.16&#8243; background_size=&#8221;initial&#8221; background_position=&#8221;top_left&#8221; background_repeat=&#8221;repeat&#8221; global_colors_info=&#8221;{}&#8221;][et_pb_column type=&#8221;4_4&#8243; _builder_version=&#8221;4.16&#8243; custom_padding=&#8221;|||&#8221; global_colors_info=&#8221;{}&#8221; custom_padding__hover=&#8221;|||&#8221;][et_pb_divider color=&#8221;#003672&#8243; divider_style=&#8221;solid&#8221; disabled_on=&#8221;on|on|off&#8221; _builder_version=&#8221;4.16&#8243; height=&#8221;3px&#8221; hide_on_mobile=&#8221;on&#8221; global_colors_info=&#8221;{}&#8221;][\/et_pb_divider][\/et_pb_column][\/et_pb_row][et_pb_row column_structure=&#8221;1_3,1_3,1_3&#8243; padding_mobile=&#8221;off&#8221; _builder_version=&#8221;4.16&#8243; background_size=&#8221;initial&#8221; background_position=&#8221;top_left&#8221; background_repeat=&#8221;repeat&#8221; custom_padding=&#8221;2%||20px|&#8221; global_colors_info=&#8221;{}&#8221;][et_pb_column type=&#8221;1_3&#8243; _builder_version=&#8221;4.16&#8243; custom_padding=&#8221;|||&#8221; global_colors_info=&#8221;{}&#8221; custom_padding__hover=&#8221;|||&#8221;][et_pb_image src=&#8221;https:\/\/www.logemann-yachting.de\/wp-content\/uploads\/2015\/08\/Logemann-cc1.jpg&#8221; align_tablet=&#8221;center&#8221; align_phone=&#8221;&#8221; align_last_edited=&#8221;on|desktop&#8221; _builder_version=&#8221;4.22.0&#8243; use_border_color=&#8221;off&#8221; border_color=&#8221;#ffffff&#8221; border_style=&#8221;solid&#8221; sticky=&#8221;off&#8221; global_colors_info=&#8221;{}&#8221;][\/et_pb_image][\/et_pb_column][et_pb_column type=&#8221;1_3&#8243; _builder_version=&#8221;4.16&#8243; custom_padding=&#8221;|||&#8221; global_colors_info=&#8221;{}&#8221; custom_padding__hover=&#8221;|||&#8221;][et_pb_text _builder_version=&#8221;4.16&#8243; background_size=&#8221;initial&#8221; background_position=&#8221;top_left&#8221; background_repeat=&#8221;repeat&#8221; use_border_color=&#8221;off&#8221; border_color=&#8221;#ffffff&#8221; border_style=&#8221;solid&#8221; global_colors_info=&#8221;{}&#8221;]<\/p>\n<p>\nSie haben Fragen oder W\u00fcnsche?<\/p>\n<p><strong>Juergen Logemann<\/strong>\u00a0ist einer der f\u00fchrenden Yacht-Experten f\u00fcr das Chartern von <strong>Luxusyachten mit Crew<\/strong>. Er\u00a0unterst\u00fctzt Sie gerne bei Ihrer Yachtsuche.<\/p>\n<p>[\/et_pb_text][\/et_pb_column][et_pb_column type=&#8221;1_3&#8243; _builder_version=&#8221;4.16&#8243; custom_padding=&#8221;|||&#8221; global_colors_info=&#8221;{}&#8221; custom_padding__hover=&#8221;|||&#8221;][et_pb_cta button_url=&#8221;tel:+494213469650&#8243; button_text=&#8221;+49 (0)421 34 69 650&#8243; admin_label=&#8221;Telefon&#8221; _builder_version=&#8221;4.16&#8243; use_background_color=&#8221;off&#8221; background_size=&#8221;initial&#8221; background_position=&#8221;top_left&#8221; background_repeat=&#8221;repeat&#8221; custom_button=&#8221;on&#8221; button_text_size=&#8221;18px&#8221; button_text_color=&#8221;#ffffff&#8221; button_bg_color=&#8221;rgba(33,116,166,0.8)&#8221; button_border_width=&#8221;1px&#8221; button_border_color=&#8221;#003672&#8243; button_letter_spacing=&#8221;0px&#8221; button_font=&#8221;||||||||&#8221; button_icon=&#8221;&#x39;||divi||400&#8243; button_icon_color=&#8221;#ffffff&#8221; button_on_hover=&#8221;off&#8221; text_orientation=&#8221;left&#8221; custom_margin=&#8221;0px|||&#8221; custom_padding=&#8221;0px|||&#8221; use_border_color=&#8221;off&#8221; border_color=&#8221;#ffffff&#8221; border_style=&#8221;solid&#8221; button_border_radius_hover=&#8221;0&#8243; global_colors_info=&#8221;{}&#8221; button_text_size__hover_enabled=&#8221;off&#8221; button_text_size__hover=&#8221;null&#8221; button_one_text_size__hover_enabled=&#8221;off&#8221; button_one_text_size__hover=&#8221;null&#8221; button_two_text_size__hover_enabled=&#8221;off&#8221; button_two_text_size__hover=&#8221;null&#8221; button_text_color__hover_enabled=&#8221;off&#8221; button_text_color__hover=&#8221;null&#8221; button_one_text_color__hover_enabled=&#8221;off&#8221; button_one_text_color__hover=&#8221;null&#8221; button_two_text_color__hover_enabled=&#8221;off&#8221; button_two_text_color__hover=&#8221;null&#8221; button_border_width__hover_enabled=&#8221;off&#8221; button_border_width__hover=&#8221;null&#8221; button_one_border_width__hover_enabled=&#8221;off&#8221; button_one_border_width__hover=&#8221;null&#8221; button_two_border_width__hover_enabled=&#8221;off&#8221; button_two_border_width__hover=&#8221;null&#8221; button_border_color__hover_enabled=&#8221;off&#8221; button_border_color__hover=&#8221;null&#8221; button_one_border_color__hover_enabled=&#8221;off&#8221; button_one_border_color__hover=&#8221;null&#8221; button_two_border_color__hover_enabled=&#8221;off&#8221; button_two_border_color__hover=&#8221;null&#8221; button_border_radius__hover_enabled=&#8221;on&#8221; button_border_radius__hover=&#8221;0&#8243; button_one_border_radius__hover_enabled=&#8221;off&#8221; button_one_border_radius__hover=&#8221;null&#8221; button_two_border_radius__hover_enabled=&#8221;off&#8221; button_two_border_radius__hover=&#8221;null&#8221; button_letter_spacing__hover_enabled=&#8221;off&#8221; button_letter_spacing__hover=&#8221;null&#8221; button_one_letter_spacing__hover_enabled=&#8221;off&#8221; button_one_letter_spacing__hover=&#8221;null&#8221; button_two_letter_spacing__hover_enabled=&#8221;off&#8221; button_two_letter_spacing__hover=&#8221;null&#8221; button_bg_color__hover_enabled=&#8221;off&#8221; button_bg_color__hover=&#8221;null&#8221; button_one_bg_color__hover_enabled=&#8221;off&#8221; button_one_bg_color__hover=&#8221;null&#8221; button_two_bg_color__hover_enabled=&#8221;off&#8221; button_two_bg_color__hover=&#8221;null&#8221;][\/et_pb_cta][et_pb_cta button_url=&#8221;\/kontakt\/&#8221; url_new_window=&#8221;on&#8221; button_text=&#8221;Schreiben Sie uns&#8221; admin_label=&#8221;Verkn\u00fcpfung: Kontakt&#8221; _builder_version=&#8221;4.16&#8243; use_background_color=&#8221;off&#8221; background_size=&#8221;initial&#8221; background_position=&#8221;top_left&#8221; background_repeat=&#8221;repeat&#8221; custom_button=&#8221;on&#8221; button_text_size=&#8221;18px&#8221; button_text_color=&#8221;#ffffff&#8221; button_bg_color=&#8221;rgba(33,116,166,0.8)&#8221; button_border_width=&#8221;1px&#8221; button_border_color=&#8221;#003672&#8243; button_letter_spacing=&#8221;0px&#8221; button_font=&#8221;||||||||&#8221; button_icon=&#8221;&#x39;||divi||400&#8243; button_icon_color=&#8221;#ffffff&#8221; button_on_hover=&#8221;off&#8221; text_orientation=&#8221;left&#8221; custom_margin=&#8221;0px|||&#8221; custom_padding=&#8221;0px|||&#8221; use_border_color=&#8221;off&#8221; border_color=&#8221;#ffffff&#8221; border_style=&#8221;solid&#8221; button_border_radius_hover=&#8221;0&#8243; button_letter_spacing_hover=&#8221;0&#8243; button_bg_color_hover=&#8221;rgba(244,244,244,0.5)&#8221; saved_tabs=&#8221;all&#8221; global_colors_info=&#8221;{}&#8221; button_text_size__hover_enabled=&#8221;off&#8221; button_text_size__hover=&#8221;null&#8221; button_one_text_size__hover_enabled=&#8221;off&#8221; button_one_text_size__hover=&#8221;null&#8221; button_two_text_size__hover_enabled=&#8221;off&#8221; button_two_text_size__hover=&#8221;null&#8221; button_text_color__hover_enabled=&#8221;off&#8221; button_text_color__hover=&#8221;null&#8221; button_one_text_color__hover_enabled=&#8221;off&#8221; button_one_text_color__hover=&#8221;null&#8221; button_two_text_color__hover_enabled=&#8221;off&#8221; button_two_text_color__hover=&#8221;null&#8221; button_border_width__hover_enabled=&#8221;off&#8221; button_border_width__hover=&#8221;null&#8221; button_one_border_width__hover_enabled=&#8221;off&#8221; button_one_border_width__hover=&#8221;null&#8221; button_two_border_width__hover_enabled=&#8221;off&#8221; button_two_border_width__hover=&#8221;null&#8221; button_border_color__hover_enabled=&#8221;off&#8221; button_border_color__hover=&#8221;null&#8221; button_one_border_color__hover_enabled=&#8221;off&#8221; button_one_border_color__hover=&#8221;null&#8221; button_two_border_color__hover_enabled=&#8221;off&#8221; button_two_border_color__hover=&#8221;null&#8221; button_border_radius__hover_enabled=&#8221;on&#8221; button_border_radius__hover=&#8221;0&#8243; button_one_border_radius__hover_enabled=&#8221;off&#8221; button_one_border_radius__hover=&#8221;null&#8221; button_two_border_radius__hover_enabled=&#8221;off&#8221; button_two_border_radius__hover=&#8221;null&#8221; button_letter_spacing__hover_enabled=&#8221;off&#8221; button_letter_spacing__hover=&#8221;null&#8221; button_one_letter_spacing__hover_enabled=&#8221;off&#8221; button_one_letter_spacing__hover=&#8221;null&#8221; button_two_letter_spacing__hover_enabled=&#8221;off&#8221; button_two_letter_spacing__hover=&#8221;null&#8221; button_bg_color__hover_enabled=&#8221;off&#8221; button_bg_color__hover=&#8221;null&#8221; button_one_bg_color__hover_enabled=&#8221;off&#8221; button_one_bg_color__hover=&#8221;null&#8221; button_two_bg_color__hover_enabled=&#8221;off&#8221; button_two_bg_color__hover=&#8221;null&#8221;][\/et_pb_cta][\/et_pb_column][\/et_pb_row][\/et_pb_section]<\/p>\n","protected":false},"excerpt":{"rendered":"<p>&nbsp; &nbsp; J\u00fcrgen Logemann besucht diese Yachtshow jedes Jahr. Sie erfreut sich zunehmend gr\u00f6\u00dferer Beliebtheit und w\u00e4chst sichtlich. Im Unterschied zu anderen Yachtshows ist diese Show f\u00fcr jeden Interessierten ge\u00f6ffnet und nicht nur f\u00fcr Broker. 32.000 Personen besuchten diese Show 2023, 264 Motor- und Segelyachten konnten besichtigt werden. Es werden Yachten f\u00fcr Charter und zum [&hellip;]<\/p>\n","protected":false},"author":12,"featured_media":44538,"comment_status":"open","ping_status":"open","sticky":false,"template":"","format":"standard","meta":{"_et_pb_use_builder":"on","_et_pb_old_content":"","_et_gb_content_width":"","footnotes":""},"categories":[691],"tags":[868,946],"acf":[],"yoast_head":"<!-- This site is optimized with the Yoast SEO plugin v22.5 - https:\/\/yoast.com\/wordpress\/plugins\/seo\/ -->\n<title>Superyachtshow in Palma de Mallorca 27.04. - 30.04.2023<\/title>\n<meta name=\"description\" content=\"Superyachtshow in Palma de Mallorca 27.04. - 30.04.2023. 32.000 Personen besuchten diese Show 2022, 264 Motor- und Segelyachten konnten besichtigt werden.\" \/>\n<meta name=\"robots\" content=\"index, follow, max-snippet:-1, max-image-preview:large, max-video-preview:-1\" \/>\n<link rel=\"canonical\" href=\"https:\/\/www.logemann-yachting.de\/en\/superyachtshow-in-palma-de-mallorca-2023\/\" \/>\n<meta property=\"og:locale\" content=\"en_US\" \/>\n<meta property=\"og:type\" content=\"article\" \/>\n<meta property=\"og:title\" content=\"Superyachtshow in Palma de Mallorca 27.04. - 30.04.2023\" \/>\n<meta property=\"og:description\" content=\"Superyachtshow in Palma de Mallorca 27.04. - 30.04.2023. 32.000 Personen besuchten diese Show 2022, 264 Motor- und Segelyachten konnten besichtigt werden.\" \/>\n<meta property=\"og:url\" content=\"https:\/\/www.logemann-yachting.de\/en\/superyachtshow-in-palma-de-mallorca-2023\/\" \/>\n<meta property=\"og:site_name\" content=\"BCR-Logemann-Yachting\" \/>\n<meta property=\"article:published_time\" content=\"2023-09-26T19:11:58+00:00\" \/>\n<meta property=\"article:modified_time\" content=\"2023-11-07T13:17:46+00:00\" \/>\n<meta property=\"og:image\" content=\"https:\/\/www.logemann-yachting.de\/wp-content\/uploads\/2022\/05\/yachsthow_malorca_palma_2022.jpg\" \/>\n\t<meta property=\"og:image:width\" content=\"480\" \/>\n\t<meta property=\"og:image:height\" content=\"640\" \/>\n\t<meta property=\"og:image:type\" content=\"image\/jpeg\" \/>\n<meta name=\"author\" content=\"ecom\" \/>\n<meta name=\"twitter:card\" content=\"summary_large_image\" \/>\n<meta name=\"twitter:label1\" content=\"Written by\" \/>\n\t<meta name=\"twitter:data1\" content=\"ecom\" \/>\n\t<meta name=\"twitter:label2\" content=\"Est. reading time\" \/>\n\t<meta name=\"twitter:data2\" content=\"3 minutes\" \/>\n<script type=\"application\/ld+json\" class=\"yoast-schema-graph\">{\"@context\":\"https:\/\/schema.org\",\"@graph\":[{\"@type\":\"Article\",\"@id\":\"https:\/\/www.logemann-yachting.de\/en\/superyachtshow-in-palma-de-mallorca-2023\/#article\",\"isPartOf\":{\"@id\":\"https:\/\/www.logemann-yachting.de\/en\/superyachtshow-in-palma-de-mallorca-2023\/\"},\"author\":{\"name\":\"ecom\",\"@id\":\"https:\/\/www.logemann-yachting.de\/en\/#\/schema\/person\/6eb496b2d9734504e113c7afcceba7d4\"},\"headline\":\"Superyachtshow in Palma de Mallorca 27.04. &#8211; 30.04.2023\",\"datePublished\":\"2023-09-26T19:11:58+00:00\",\"dateModified\":\"2023-11-07T13:17:46+00:00\",\"mainEntityOfPage\":{\"@id\":\"https:\/\/www.logemann-yachting.de\/en\/superyachtshow-in-palma-de-mallorca-2023\/\"},\"wordCount\":1312,\"commentCount\":0,\"publisher\":{\"@id\":\"https:\/\/www.logemann-yachting.de\/en\/#organization\"},\"image\":{\"@id\":\"https:\/\/www.logemann-yachting.de\/en\/superyachtshow-in-palma-de-mallorca-2023\/#primaryimage\"},\"thumbnailUrl\":\"https:\/\/www.logemann-yachting.de\/wp-content\/uploads\/2022\/05\/yachsthow_malorca_palma_2022.jpg\",\"keywords\":[\"Yacht Show\",\"Palma de Mallorca\"],\"articleSection\":[\"Aktuelles\"],\"inLanguage\":\"en-US\",\"potentialAction\":[{\"@type\":\"CommentAction\",\"name\":\"Comment\",\"target\":[\"https:\/\/www.logemann-yachting.de\/en\/superyachtshow-in-palma-de-mallorca-2023\/#respond\"]}]},{\"@type\":\"WebPage\",\"@id\":\"https:\/\/www.logemann-yachting.de\/en\/superyachtshow-in-palma-de-mallorca-2023\/\",\"url\":\"https:\/\/www.logemann-yachting.de\/en\/superyachtshow-in-palma-de-mallorca-2023\/\",\"name\":\"Superyachtshow in Palma de Mallorca 27.04. - 30.04.2023\",\"isPartOf\":{\"@id\":\"https:\/\/www.logemann-yachting.de\/en\/#website\"},\"primaryImageOfPage\":{\"@id\":\"https:\/\/www.logemann-yachting.de\/en\/superyachtshow-in-palma-de-mallorca-2023\/#primaryimage\"},\"image\":{\"@id\":\"https:\/\/www.logemann-yachting.de\/en\/superyachtshow-in-palma-de-mallorca-2023\/#primaryimage\"},\"thumbnailUrl\":\"https:\/\/www.logemann-yachting.de\/wp-content\/uploads\/2022\/05\/yachsthow_malorca_palma_2022.jpg\",\"datePublished\":\"2023-09-26T19:11:58+00:00\",\"dateModified\":\"2023-11-07T13:17:46+00:00\",\"description\":\"Superyachtshow in Palma de Mallorca 27.04. - 30.04.2023. 32.000 Personen besuchten diese Show 2022, 264 Motor- und Segelyachten konnten besichtigt werden.\",\"breadcrumb\":{\"@id\":\"https:\/\/www.logemann-yachting.de\/en\/superyachtshow-in-palma-de-mallorca-2023\/#breadcrumb\"},\"inLanguage\":\"en-US\",\"potentialAction\":[{\"@type\":\"ReadAction\",\"target\":[\"https:\/\/www.logemann-yachting.de\/en\/superyachtshow-in-palma-de-mallorca-2023\/\"]}]},{\"@type\":\"ImageObject\",\"inLanguage\":\"en-US\",\"@id\":\"https:\/\/www.logemann-yachting.de\/en\/superyachtshow-in-palma-de-mallorca-2023\/#primaryimage\",\"url\":\"https:\/\/www.logemann-yachting.de\/wp-content\/uploads\/2022\/05\/yachsthow_malorca_palma_2022.jpg\",\"contentUrl\":\"https:\/\/www.logemann-yachting.de\/wp-content\/uploads\/2022\/05\/yachsthow_malorca_palma_2022.jpg\",\"width\":480,\"height\":640,\"caption\":\"cof\"},{\"@type\":\"BreadcrumbList\",\"@id\":\"https:\/\/www.logemann-yachting.de\/en\/superyachtshow-in-palma-de-mallorca-2023\/#breadcrumb\",\"itemListElement\":[{\"@type\":\"ListItem\",\"position\":1,\"name\":\"Home\",\"item\":\"https:\/\/www.logemann-yachting.de\/en\/\"},{\"@type\":\"ListItem\",\"position\":2,\"name\":\"Superyachtshow in Palma de Mallorca 27.04. &#8211; 30.04.2023\"}]},{\"@type\":\"WebSite\",\"@id\":\"https:\/\/www.logemann-yachting.de\/en\/#website\",\"url\":\"https:\/\/www.logemann-yachting.de\/en\/\",\"name\":\"BCR-Logemann-Yachting\",\"description\":\"Crewed Yachtcharter auf Luxus-Segelyachten und Luxus-Motoryachten weltweit\",\"publisher\":{\"@id\":\"https:\/\/www.logemann-yachting.de\/en\/#organization\"},\"potentialAction\":[{\"@type\":\"SearchAction\",\"target\":{\"@type\":\"EntryPoint\",\"urlTemplate\":\"https:\/\/www.logemann-yachting.de\/en\/?s={search_term_string}\"},\"query-input\":\"required name=search_term_string\"}],\"inLanguage\":\"en-US\"},{\"@type\":\"Organization\",\"@id\":\"https:\/\/www.logemann-yachting.de\/en\/#organization\",\"name\":\"Logemann Yachting\",\"url\":\"https:\/\/www.logemann-yachting.de\/en\/\",\"logo\":{\"@type\":\"ImageObject\",\"inLanguage\":\"en-US\",\"@id\":\"https:\/\/www.logemann-yachting.de\/en\/#\/schema\/logo\/image\/\",\"url\":\"https:\/\/www.logemann-yachting.de\/wp-content\/uploads\/2023\/08\/BCR-Logemann-Yachting-Logo1.png\",\"contentUrl\":\"https:\/\/www.logemann-yachting.de\/wp-content\/uploads\/2023\/08\/BCR-Logemann-Yachting-Logo1.png\",\"width\":382,\"height\":85,\"caption\":\"Logemann Yachting\"},\"image\":{\"@id\":\"https:\/\/www.logemann-yachting.de\/en\/#\/schema\/logo\/image\/\"}},{\"@type\":\"Person\",\"@id\":\"https:\/\/www.logemann-yachting.de\/en\/#\/schema\/person\/6eb496b2d9734504e113c7afcceba7d4\",\"name\":\"ecom\",\"image\":{\"@type\":\"ImageObject\",\"inLanguage\":\"en-US\",\"@id\":\"https:\/\/www.logemann-yachting.de\/en\/#\/schema\/person\/image\/\",\"url\":\"https:\/\/secure.gravatar.com\/avatar\/0f31cca8b6e77f6e2593f3161b1fc2ff?s=96&d=mm&r=g\",\"contentUrl\":\"https:\/\/secure.gravatar.com\/avatar\/0f31cca8b6e77f6e2593f3161b1fc2ff?s=96&d=mm&r=g\",\"caption\":\"ecom\"}}]}<\/script>\n<!-- \/ Yoast SEO plugin. -->","yoast_head_json":{"title":"Superyachtshow in Palma de Mallorca 27.04. - 30.04.2023","description":"Superyachtshow in Palma de Mallorca 27.04. - 30.04.2023. 32.000 Personen besuchten diese Show 2022, 264 Motor- und Segelyachten konnten besichtigt werden.","robots":{"index":"index","follow":"follow","max-snippet":"max-snippet:-1","max-image-preview":"max-image-preview:large","max-video-preview":"max-video-preview:-1"},"canonical":"https:\/\/www.logemann-yachting.de\/en\/superyachtshow-in-palma-de-mallorca-2023\/","og_locale":"en_US","og_type":"article","og_title":"Superyachtshow in Palma de Mallorca 27.04. - 30.04.2023","og_description":"Superyachtshow in Palma de Mallorca 27.04. - 30.04.2023. 32.000 Personen besuchten diese Show 2022, 264 Motor- und Segelyachten konnten besichtigt werden.","og_url":"https:\/\/www.logemann-yachting.de\/en\/superyachtshow-in-palma-de-mallorca-2023\/","og_site_name":"BCR-Logemann-Yachting","article_published_time":"2023-09-26T19:11:58+00:00","article_modified_time":"2023-11-07T13:17:46+00:00","og_image":[{"width":480,"height":640,"url":"https:\/\/www.logemann-yachting.de\/wp-content\/uploads\/2022\/05\/yachsthow_malorca_palma_2022.jpg","type":"image\/jpeg"}],"author":"ecom","twitter_card":"summary_large_image","twitter_misc":{"Written by":"ecom","Est. reading time":"3 minutes"},"schema":{"@context":"https:\/\/schema.org","@graph":[{"@type":"Article","@id":"https:\/\/www.logemann-yachting.de\/en\/superyachtshow-in-palma-de-mallorca-2023\/#article","isPartOf":{"@id":"https:\/\/www.logemann-yachting.de\/en\/superyachtshow-in-palma-de-mallorca-2023\/"},"author":{"name":"ecom","@id":"https:\/\/www.logemann-yachting.de\/en\/#\/schema\/person\/6eb496b2d9734504e113c7afcceba7d4"},"headline":"Superyachtshow in Palma de Mallorca 27.04. &#8211; 30.04.2023","datePublished":"2023-09-26T19:11:58+00:00","dateModified":"2023-11-07T13:17:46+00:00","mainEntityOfPage":{"@id":"https:\/\/www.logemann-yachting.de\/en\/superyachtshow-in-palma-de-mallorca-2023\/"},"wordCount":1312,"commentCount":0,"publisher":{"@id":"https:\/\/www.logemann-yachting.de\/en\/#organization"},"image":{"@id":"https:\/\/www.logemann-yachting.de\/en\/superyachtshow-in-palma-de-mallorca-2023\/#primaryimage"},"thumbnailUrl":"https:\/\/www.logemann-yachting.de\/wp-content\/uploads\/2022\/05\/yachsthow_malorca_palma_2022.jpg","keywords":["Yacht Show","Palma de Mallorca"],"articleSection":["Aktuelles"],"inLanguage":"en-US","potentialAction":[{"@type":"CommentAction","name":"Comment","target":["https:\/\/www.logemann-yachting.de\/en\/superyachtshow-in-palma-de-mallorca-2023\/#respond"]}]},{"@type":"WebPage","@id":"https:\/\/www.logemann-yachting.de\/en\/superyachtshow-in-palma-de-mallorca-2023\/","url":"https:\/\/www.logemann-yachting.de\/en\/superyachtshow-in-palma-de-mallorca-2023\/","name":"Superyachtshow in Palma de Mallorca 27.04. - 30.04.2023","isPartOf":{"@id":"https:\/\/www.logemann-yachting.de\/en\/#website"},"primaryImageOfPage":{"@id":"https:\/\/www.logemann-yachting.de\/en\/superyachtshow-in-palma-de-mallorca-2023\/#primaryimage"},"image":{"@id":"https:\/\/www.logemann-yachting.de\/en\/superyachtshow-in-palma-de-mallorca-2023\/#primaryimage"},"thumbnailUrl":"https:\/\/www.logemann-yachting.de\/wp-content\/uploads\/2022\/05\/yachsthow_malorca_palma_2022.jpg","datePublished":"2023-09-26T19:11:58+00:00","dateModified":"2023-11-07T13:17:46+00:00","description":"Superyachtshow in Palma de Mallorca 27.04. - 30.04.2023. 32.000 Personen besuchten diese Show 2022, 264 Motor- und Segelyachten konnten besichtigt werden.","breadcrumb":{"@id":"https:\/\/www.logemann-yachting.de\/en\/superyachtshow-in-palma-de-mallorca-2023\/#breadcrumb"},"inLanguage":"en-US","potentialAction":[{"@type":"ReadAction","target":["https:\/\/www.logemann-yachting.de\/en\/superyachtshow-in-palma-de-mallorca-2023\/"]}]},{"@type":"ImageObject","inLanguage":"en-US","@id":"https:\/\/www.logemann-yachting.de\/en\/superyachtshow-in-palma-de-mallorca-2023\/#primaryimage","url":"https:\/\/www.logemann-yachting.de\/wp-content\/uploads\/2022\/05\/yachsthow_malorca_palma_2022.jpg","contentUrl":"https:\/\/www.logemann-yachting.de\/wp-content\/uploads\/2022\/05\/yachsthow_malorca_palma_2022.jpg","width":480,"height":640,"caption":"cof"},{"@type":"BreadcrumbList","@id":"https:\/\/www.logemann-yachting.de\/en\/superyachtshow-in-palma-de-mallorca-2023\/#breadcrumb","itemListElement":[{"@type":"ListItem","position":1,"name":"Home","item":"https:\/\/www.logemann-yachting.de\/en\/"},{"@type":"ListItem","position":2,"name":"Superyachtshow in Palma de Mallorca 27.04. &#8211; 30.04.2023"}]},{"@type":"WebSite","@id":"https:\/\/www.logemann-yachting.de\/en\/#website","url":"https:\/\/www.logemann-yachting.de\/en\/","name":"BCR-Logemann-Yachting","description":"Crewed Yachtcharter auf Luxus-Segelyachten und Luxus-Motoryachten weltweit","publisher":{"@id":"https:\/\/www.logemann-yachting.de\/en\/#organization"},"potentialAction":[{"@type":"SearchAction","target":{"@type":"EntryPoint","urlTemplate":"https:\/\/www.logemann-yachting.de\/en\/?s={search_term_string}"},"query-input":"required name=search_term_string"}],"inLanguage":"en-US"},{"@type":"Organization","@id":"https:\/\/www.logemann-yachting.de\/en\/#organization","name":"Logemann Yachting","url":"https:\/\/www.logemann-yachting.de\/en\/","logo":{"@type":"ImageObject","inLanguage":"en-US","@id":"https:\/\/www.logemann-yachting.de\/en\/#\/schema\/logo\/image\/","url":"https:\/\/www.logemann-yachting.de\/wp-content\/uploads\/2023\/08\/BCR-Logemann-Yachting-Logo1.png","contentUrl":"https:\/\/www.logemann-yachting.de\/wp-content\/uploads\/2023\/08\/BCR-Logemann-Yachting-Logo1.png","width":382,"height":85,"caption":"Logemann Yachting"},"image":{"@id":"https:\/\/www.logemann-yachting.de\/en\/#\/schema\/logo\/image\/"}},{"@type":"Person","@id":"https:\/\/www.logemann-yachting.de\/en\/#\/schema\/person\/6eb496b2d9734504e113c7afcceba7d4","name":"ecom","image":{"@type":"ImageObject","inLanguage":"en-US","@id":"https:\/\/www.logemann-yachting.de\/en\/#\/schema\/person\/image\/","url":"https:\/\/secure.gravatar.com\/avatar\/0f31cca8b6e77f6e2593f3161b1fc2ff?s=96&d=mm&r=g","contentUrl":"https:\/\/secure.gravatar.com\/avatar\/0f31cca8b6e77f6e2593f3161b1fc2ff?s=96&d=mm&r=g","caption":"ecom"}}]}},"_links":{"self":[{"href":"https:\/\/www.logemann-yachting.de\/en\/wp-json\/wp\/v2\/posts\/44510"}],"collection":[{"href":"https:\/\/www.logemann-yachting.de\/en\/wp-json\/wp\/v2\/posts"}],"about":[{"href":"https:\/\/www.logemann-yachting.de\/en\/wp-json\/wp\/v2\/types\/post"}],"author":[{"embeddable":true,"href":"https:\/\/www.logemann-yachting.de\/en\/wp-json\/wp\/v2\/users\/12"}],"replies":[{"embeddable":true,"href":"https:\/\/www.logemann-yachting.de\/en\/wp-json\/wp\/v2\/comments?post=44510"}],"version-history":[{"count":5,"href":"https:\/\/www.logemann-yachting.de\/en\/wp-json\/wp\/v2\/posts\/44510\/revisions"}],"predecessor-version":[{"id":46589,"href":"https:\/\/www.logemann-yachting.de\/en\/wp-json\/wp\/v2\/posts\/44510\/revisions\/46589"}],"wp:featuredmedia":[{"embeddable":true,"href":"https:\/\/www.logemann-yachting.de\/en\/wp-json\/wp\/v2\/media\/44538"}],"wp:attachment":[{"href":"https:\/\/www.logemann-yachting.de\/en\/wp-json\/wp\/v2\/media?parent=44510"}],"wp:term":[{"taxonomy":"category","embeddable":true,"href":"https:\/\/www.logemann-yachting.de\/en\/wp-json\/wp\/v2\/categories?post=44510"},{"taxonomy":"post_tag","embeddable":true,"href":"https:\/\/www.logemann-yachting.de\/en\/wp-json\/wp\/v2\/tags?post=44510"}],"curies":[{"name":"wp","href":"https:\/\/api.w.org\/{rel}","templated":true}]}}