{"id":41402,"date":"2018-10-05T12:47:29","date_gmt":"2018-10-05T10:47:29","guid":{"rendered":"https:\/\/www.logemann-yachting.de\/?p=41402"},"modified":"2019-03-11T12:06:18","modified_gmt":"2019-03-11T11:06:18","slug":"monaco-yacht-show-2018","status":"publish","type":"post","link":"https:\/\/www.logemann-yachting.de\/en\/monaco-yacht-show-2018\/","title":{"rendered":"Monaco Yacht Show 2018"},"content":{"rendered":"<p>[et_pb_section fb_built=&#8221;1&#8243; custom_padding_last_edited=&#8221;on|desktop&#8221; admin_label=&#8221;section&#8221; _builder_version=&#8221;3.16.1&#8243; custom_padding=&#8221;||2%|&#8221; custom_padding_tablet=&#8221;50px|0|50px|0&#8243; transparent_background=&#8221;off&#8221;][et_pb_row admin_label=&#8221;row&#8221; _builder_version=&#8221;3.0.47&#8243; background_size=&#8221;initial&#8221; background_position=&#8221;top_left&#8221; background_repeat=&#8221;repeat&#8221;][et_pb_column type=&#8221;4_4&#8243; _builder_version=&#8221;3.0.47&#8243;][et_pb_post_title author=&#8221;off&#8221; categories=&#8221;off&#8221; comments=&#8221;off&#8221; featured_placement=&#8221;background&#8221; text_background=&#8221;on&#8221; text_bg_color=&#8221;rgba(244,244,244,0.65)&#8221; _builder_version=&#8221;3.16.1&#8243; title_font=&#8221;Oswald||||&#8221; title_text_color=&#8221;#41596b&#8221; title_font_size=&#8221;30px&#8221; meta_text_color=&#8221;#7d797b&#8221; background_color=&#8221;rgba(255,255,255,0)&#8221; border_color_all=&#8221;#ffffff&#8221; text_orientation=&#8221;center&#8221; parallax_effect=&#8221;off&#8221; module_bg_color=&#8221;rgba(255,255,255,0)&#8221; use_border_color=&#8221;off&#8221; border_color=&#8221;#ffffff&#8221; border_style=&#8221;solid&#8221;][\/et_pb_post_title][et_pb_text _builder_version=&#8221;3.16.1&#8243;]Auf der diesj\u00e4hrigen <strong>Monaco Yacht Show<\/strong> konnte sich J\u00fcrgen Logemann f\u00fcr seine Kunden wieder einen Eindruck \u00fcber die <strong>neusten Superyachten<\/strong> verschaffen.<\/p>\n<p>&nbsp;<\/p>\n<p>Er hat sich die <strong>SWAN 115<\/strong> angeschaut, die auch f\u00fcr Charter zur Verf\u00fcgung stehen wird. Au\u00dferdem interessierten ihn neue Charteryachten der Southern Wind Shipyard.<\/p>\n<p>&nbsp;<\/p>\n<p><a class=\"small-button smallsilver\" href=\"http:\/\/www.monacoyachtshow.com\/en\/press\/news-press.html\" target=\"_blank\" rel=\"noopener noreferrer\">Mehr zur Monaco Yacht Show<\/a><br \/>\n[\/et_pb_text][et_pb_image src=&#8221;https:\/\/www.logemann-yachting.de\/wp-content\/uploads\/2018\/10\/my-solo-award-winner-monaco-yacht-show-2018.jpg&#8221; show_in_lightbox=&#8221;on&#8221; _builder_version=&#8221;3.16.1&#8243;][\/et_pb_image][et_pb_image src=&#8221;https:\/\/www.logemann-yachting.de\/wp-content\/uploads\/2018\/10\/my-dar-award-winner-monaco-yacht-show-2018.jpg&#8221; show_in_lightbox=&#8221;on&#8221; _builder_version=&#8221;3.16.1&#8243;][\/et_pb_image][\/et_pb_column][\/et_pb_row][\/et_pb_section]<\/p>\n","protected":false},"excerpt":{"rendered":"<p>Auf der diesj\u00e4hrigen Monaco Yacht Show konnte sich J\u00fcrgen Logemann f\u00fcr seine Kunden wieder einen Eindruck \u00fcber die neusten Superyachten verschaffen&#8230;.<\/p>\n","protected":false},"author":4,"featured_media":41412,"comment_status":"open","ping_status":"open","sticky":false,"template":"","format":"standard","meta":{"_et_pb_use_builder":"on","_et_pb_old_content":"","_et_gb_content_width":"","footnotes":""},"categories":[1,691,859],"tags":[919,929,930,931],"acf":[],"yoast_head":"<!-- This site is optimized with the Yoast SEO plugin v22.5 - https:\/\/yoast.com\/wordpress\/plugins\/seo\/ -->\n<title>Monaco Yacht Show 2018<\/title>\n<meta name=\"description\" content=\"J\u00fcrgen Logemann auf der Monaco Yacht Show 2018\" \/>\n<meta name=\"robots\" content=\"index, follow, max-snippet:-1, max-image-preview:large, max-video-preview:-1\" \/>\n<link rel=\"canonical\" href=\"https:\/\/www.logemann-yachting.de\/en\/monaco-yacht-show-2018\/\" \/>\n<meta property=\"og:locale\" content=\"en_US\" \/>\n<meta property=\"og:type\" content=\"article\" \/>\n<meta property=\"og:title\" content=\"Monaco Yacht Show 2018\" \/>\n<meta property=\"og:description\" content=\"J\u00fcrgen Logemann auf der Monaco Yacht Show 2018\" \/>\n<meta property=\"og:url\" content=\"https:\/\/www.logemann-yachting.de\/en\/monaco-yacht-show-2018\/\" \/>\n<meta property=\"og:site_name\" content=\"BCR-Logemann-Yachting\" \/>\n<meta property=\"article:published_time\" content=\"2018-10-05T10:47:29+00:00\" \/>\n<meta property=\"article:modified_time\" content=\"2019-03-11T11:06:18+00:00\" \/>\n<meta property=\"og:image\" content=\"https:\/\/www.logemann-yachting.de\/wp-content\/uploads\/2018\/10\/Logemann-auf-der-Monaco-Yachtshow-2018.jpg\" \/>\n\t<meta property=\"og:image:width\" content=\"1080\" \/>\n\t<meta property=\"og:image:height\" content=\"608\" \/>\n\t<meta property=\"og:image:type\" content=\"image\/jpeg\" \/>\n<meta name=\"author\" content=\"Matthias Bruns\" \/>\n<meta name=\"twitter:card\" content=\"summary_large_image\" \/>\n<meta name=\"twitter:label1\" content=\"Written by\" \/>\n\t<meta name=\"twitter:data1\" content=\"Matthias Bruns\" \/>\n\t<meta name=\"twitter:label2\" content=\"Est. reading time\" \/>\n\t<meta name=\"twitter:data2\" content=\"1 minute\" \/>\n<script type=\"application\/ld+json\" class=\"yoast-schema-graph\">{\"@context\":\"https:\/\/schema.org\",\"@graph\":[{\"@type\":\"Article\",\"@id\":\"https:\/\/www.logemann-yachting.de\/en\/monaco-yacht-show-2018\/#article\",\"isPartOf\":{\"@id\":\"https:\/\/www.logemann-yachting.de\/en\/monaco-yacht-show-2018\/\"},\"author\":{\"name\":\"Matthias Bruns\",\"@id\":\"https:\/\/www.logemann-yachting.de\/en\/#\/schema\/person\/c8f71fc83f26b7610924b5970fed3edd\"},\"headline\":\"Monaco Yacht Show 2018\",\"datePublished\":\"2018-10-05T10:47:29+00:00\",\"dateModified\":\"2019-03-11T11:06:18+00:00\",\"mainEntityOfPage\":{\"@id\":\"https:\/\/www.logemann-yachting.de\/en\/monaco-yacht-show-2018\/\"},\"wordCount\":238,\"commentCount\":0,\"publisher\":{\"@id\":\"https:\/\/www.logemann-yachting.de\/en\/#organization\"},\"image\":{\"@id\":\"https:\/\/www.logemann-yachting.de\/en\/monaco-yacht-show-2018\/#primaryimage\"},\"thumbnailUrl\":\"https:\/\/www.logemann-yachting.de\/wp-content\/uploads\/2018\/10\/Logemann-auf-der-Monaco-Yachtshow-2018.jpg\",\"keywords\":[\"Show\",\"Monaco\",\"Yacht\",\"Yachtshow\"],\"articleSection\":[\"Yachten\",\"Aktuelles\",\"Lifestyle\"],\"inLanguage\":\"en-US\",\"potentialAction\":[{\"@type\":\"CommentAction\",\"name\":\"Comment\",\"target\":[\"https:\/\/www.logemann-yachting.de\/en\/monaco-yacht-show-2018\/#respond\"]}]},{\"@type\":\"WebPage\",\"@id\":\"https:\/\/www.logemann-yachting.de\/en\/monaco-yacht-show-2018\/\",\"url\":\"https:\/\/www.logemann-yachting.de\/en\/monaco-yacht-show-2018\/\",\"name\":\"Monaco Yacht Show 2018\",\"isPartOf\":{\"@id\":\"https:\/\/www.logemann-yachting.de\/en\/#website\"},\"primaryImageOfPage\":{\"@id\":\"https:\/\/www.logemann-yachting.de\/en\/monaco-yacht-show-2018\/#primaryimage\"},\"image\":{\"@id\":\"https:\/\/www.logemann-yachting.de\/en\/monaco-yacht-show-2018\/#primaryimage\"},\"thumbnailUrl\":\"https:\/\/www.logemann-yachting.de\/wp-content\/uploads\/2018\/10\/Logemann-auf-der-Monaco-Yachtshow-2018.jpg\",\"datePublished\":\"2018-10-05T10:47:29+00:00\",\"dateModified\":\"2019-03-11T11:06:18+00:00\",\"description\":\"J\u00fcrgen Logemann auf der Monaco Yacht Show 2018\",\"breadcrumb\":{\"@id\":\"https:\/\/www.logemann-yachting.de\/en\/monaco-yacht-show-2018\/#breadcrumb\"},\"inLanguage\":\"en-US\",\"potentialAction\":[{\"@type\":\"ReadAction\",\"target\":[\"https:\/\/www.logemann-yachting.de\/en\/monaco-yacht-show-2018\/\"]}]},{\"@type\":\"ImageObject\",\"inLanguage\":\"en-US\",\"@id\":\"https:\/\/www.logemann-yachting.de\/en\/monaco-yacht-show-2018\/#primaryimage\",\"url\":\"https:\/\/www.logemann-yachting.de\/wp-content\/uploads\/2018\/10\/Logemann-auf-der-Monaco-Yachtshow-2018.jpg\",\"contentUrl\":\"https:\/\/www.logemann-yachting.de\/wp-content\/uploads\/2018\/10\/Logemann-auf-der-Monaco-Yachtshow-2018.jpg\",\"width\":1080,\"height\":608,\"caption\":\"J\u00fcrgen Logemann auf der Monaco Yacht Show 2018\"},{\"@type\":\"BreadcrumbList\",\"@id\":\"https:\/\/www.logemann-yachting.de\/en\/monaco-yacht-show-2018\/#breadcrumb\",\"itemListElement\":[{\"@type\":\"ListItem\",\"position\":1,\"name\":\"Home\",\"item\":\"https:\/\/www.logemann-yachting.de\/en\/\"},{\"@type\":\"ListItem\",\"position\":2,\"name\":\"Monaco Yacht Show 2018\"}]},{\"@type\":\"WebSite\",\"@id\":\"https:\/\/www.logemann-yachting.de\/en\/#website\",\"url\":\"https:\/\/www.logemann-yachting.de\/en\/\",\"name\":\"BCR-Logemann-Yachting\",\"description\":\"Crewed Yachtcharter auf Luxus-Segelyachten und Luxus-Motoryachten weltweit\",\"publisher\":{\"@id\":\"https:\/\/www.logemann-yachting.de\/en\/#organization\"},\"potentialAction\":[{\"@type\":\"SearchAction\",\"target\":{\"@type\":\"EntryPoint\",\"urlTemplate\":\"https:\/\/www.logemann-yachting.de\/en\/?s={search_term_string}\"},\"query-input\":\"required name=search_term_string\"}],\"inLanguage\":\"en-US\"},{\"@type\":\"Organization\",\"@id\":\"https:\/\/www.logemann-yachting.de\/en\/#organization\",\"name\":\"Logemann Yachting\",\"url\":\"https:\/\/www.logemann-yachting.de\/en\/\",\"logo\":{\"@type\":\"ImageObject\",\"inLanguage\":\"en-US\",\"@id\":\"https:\/\/www.logemann-yachting.de\/en\/#\/schema\/logo\/image\/\",\"url\":\"https:\/\/www.logemann-yachting.de\/wp-content\/uploads\/2023\/08\/BCR-Logemann-Yachting-Logo1.png\",\"contentUrl\":\"https:\/\/www.logemann-yachting.de\/wp-content\/uploads\/2023\/08\/BCR-Logemann-Yachting-Logo1.png\",\"width\":382,\"height\":85,\"caption\":\"Logemann Yachting\"},\"image\":{\"@id\":\"https:\/\/www.logemann-yachting.de\/en\/#\/schema\/logo\/image\/\"}},{\"@type\":\"Person\",\"@id\":\"https:\/\/www.logemann-yachting.de\/en\/#\/schema\/person\/c8f71fc83f26b7610924b5970fed3edd\",\"name\":\"Matthias Bruns\",\"image\":{\"@type\":\"ImageObject\",\"inLanguage\":\"en-US\",\"@id\":\"https:\/\/www.logemann-yachting.de\/en\/#\/schema\/person\/image\/\",\"url\":\"https:\/\/secure.gravatar.com\/avatar\/3b555f55687bc02baabf959eec9ffaaa?s=96&d=mm&r=g\",\"contentUrl\":\"https:\/\/secure.gravatar.com\/avatar\/3b555f55687bc02baabf959eec9ffaaa?s=96&d=mm&r=g\",\"caption\":\"Matthias Bruns\"}}]}<\/script>\n<!-- \/ Yoast SEO plugin. -->","yoast_head_json":{"title":"Monaco Yacht Show 2018","description":"J\u00fcrgen Logemann auf der Monaco Yacht Show 2018","robots":{"index":"index","follow":"follow","max-snippet":"max-snippet:-1","max-image-preview":"max-image-preview:large","max-video-preview":"max-video-preview:-1"},"canonical":"https:\/\/www.logemann-yachting.de\/en\/monaco-yacht-show-2018\/","og_locale":"en_US","og_type":"article","og_title":"Monaco Yacht Show 2018","og_description":"J\u00fcrgen Logemann auf der Monaco Yacht Show 2018","og_url":"https:\/\/www.logemann-yachting.de\/en\/monaco-yacht-show-2018\/","og_site_name":"BCR-Logemann-Yachting","article_published_time":"2018-10-05T10:47:29+00:00","article_modified_time":"2019-03-11T11:06:18+00:00","og_image":[{"width":1080,"height":608,"url":"https:\/\/www.logemann-yachting.de\/wp-content\/uploads\/2018\/10\/Logemann-auf-der-Monaco-Yachtshow-2018.jpg","type":"image\/jpeg"}],"author":"Matthias Bruns","twitter_card":"summary_large_image","twitter_misc":{"Written by":"Matthias Bruns","Est. reading time":"1 minute"},"schema":{"@context":"https:\/\/schema.org","@graph":[{"@type":"Article","@id":"https:\/\/www.logemann-yachting.de\/en\/monaco-yacht-show-2018\/#article","isPartOf":{"@id":"https:\/\/www.logemann-yachting.de\/en\/monaco-yacht-show-2018\/"},"author":{"name":"Matthias Bruns","@id":"https:\/\/www.logemann-yachting.de\/en\/#\/schema\/person\/c8f71fc83f26b7610924b5970fed3edd"},"headline":"Monaco Yacht Show 2018","datePublished":"2018-10-05T10:47:29+00:00","dateModified":"2019-03-11T11:06:18+00:00","mainEntityOfPage":{"@id":"https:\/\/www.logemann-yachting.de\/en\/monaco-yacht-show-2018\/"},"wordCount":238,"commentCount":0,"publisher":{"@id":"https:\/\/www.logemann-yachting.de\/en\/#organization"},"image":{"@id":"https:\/\/www.logemann-yachting.de\/en\/monaco-yacht-show-2018\/#primaryimage"},"thumbnailUrl":"https:\/\/www.logemann-yachting.de\/wp-content\/uploads\/2018\/10\/Logemann-auf-der-Monaco-Yachtshow-2018.jpg","keywords":["Show","Monaco","Yacht","Yachtshow"],"articleSection":["Yachten","Aktuelles","Lifestyle"],"inLanguage":"en-US","potentialAction":[{"@type":"CommentAction","name":"Comment","target":["https:\/\/www.logemann-yachting.de\/en\/monaco-yacht-show-2018\/#respond"]}]},{"@type":"WebPage","@id":"https:\/\/www.logemann-yachting.de\/en\/monaco-yacht-show-2018\/","url":"https:\/\/www.logemann-yachting.de\/en\/monaco-yacht-show-2018\/","name":"Monaco Yacht Show 2018","isPartOf":{"@id":"https:\/\/www.logemann-yachting.de\/en\/#website"},"primaryImageOfPage":{"@id":"https:\/\/www.logemann-yachting.de\/en\/monaco-yacht-show-2018\/#primaryimage"},"image":{"@id":"https:\/\/www.logemann-yachting.de\/en\/monaco-yacht-show-2018\/#primaryimage"},"thumbnailUrl":"https:\/\/www.logemann-yachting.de\/wp-content\/uploads\/2018\/10\/Logemann-auf-der-Monaco-Yachtshow-2018.jpg","datePublished":"2018-10-05T10:47:29+00:00","dateModified":"2019-03-11T11:06:18+00:00","description":"J\u00fcrgen Logemann auf der Monaco Yacht Show 2018","breadcrumb":{"@id":"https:\/\/www.logemann-yachting.de\/en\/monaco-yacht-show-2018\/#breadcrumb"},"inLanguage":"en-US","potentialAction":[{"@type":"ReadAction","target":["https:\/\/www.logemann-yachting.de\/en\/monaco-yacht-show-2018\/"]}]},{"@type":"ImageObject","inLanguage":"en-US","@id":"https:\/\/www.logemann-yachting.de\/en\/monaco-yacht-show-2018\/#primaryimage","url":"https:\/\/www.logemann-yachting.de\/wp-content\/uploads\/2018\/10\/Logemann-auf-der-Monaco-Yachtshow-2018.jpg","contentUrl":"https:\/\/www.logemann-yachting.de\/wp-content\/uploads\/2018\/10\/Logemann-auf-der-Monaco-Yachtshow-2018.jpg","width":1080,"height":608,"caption":"J\u00fcrgen Logemann auf der Monaco Yacht Show 2018"},{"@type":"BreadcrumbList","@id":"https:\/\/www.logemann-yachting.de\/en\/monaco-yacht-show-2018\/#breadcrumb","itemListElement":[{"@type":"ListItem","position":1,"name":"Home","item":"https:\/\/www.logemann-yachting.de\/en\/"},{"@type":"ListItem","position":2,"name":"Monaco Yacht Show 2018"}]},{"@type":"WebSite","@id":"https:\/\/www.logemann-yachting.de\/en\/#website","url":"https:\/\/www.logemann-yachting.de\/en\/","name":"BCR-Logemann-Yachting","description":"Crewed Yachtcharter auf Luxus-Segelyachten und Luxus-Motoryachten weltweit","publisher":{"@id":"https:\/\/www.logemann-yachting.de\/en\/#organization"},"potentialAction":[{"@type":"SearchAction","target":{"@type":"EntryPoint","urlTemplate":"https:\/\/www.logemann-yachting.de\/en\/?s={search_term_string}"},"query-input":"required name=search_term_string"}],"inLanguage":"en-US"},{"@type":"Organization","@id":"https:\/\/www.logemann-yachting.de\/en\/#organization","name":"Logemann Yachting","url":"https:\/\/www.logemann-yachting.de\/en\/","logo":{"@type":"ImageObject","inLanguage":"en-US","@id":"https:\/\/www.logemann-yachting.de\/en\/#\/schema\/logo\/image\/","url":"https:\/\/www.logemann-yachting.de\/wp-content\/uploads\/2023\/08\/BCR-Logemann-Yachting-Logo1.png","contentUrl":"https:\/\/www.logemann-yachting.de\/wp-content\/uploads\/2023\/08\/BCR-Logemann-Yachting-Logo1.png","width":382,"height":85,"caption":"Logemann Yachting"},"image":{"@id":"https:\/\/www.logemann-yachting.de\/en\/#\/schema\/logo\/image\/"}},{"@type":"Person","@id":"https:\/\/www.logemann-yachting.de\/en\/#\/schema\/person\/c8f71fc83f26b7610924b5970fed3edd","name":"Matthias Bruns","image":{"@type":"ImageObject","inLanguage":"en-US","@id":"https:\/\/www.logemann-yachting.de\/en\/#\/schema\/person\/image\/","url":"https:\/\/secure.gravatar.com\/avatar\/3b555f55687bc02baabf959eec9ffaaa?s=96&d=mm&r=g","contentUrl":"https:\/\/secure.gravatar.com\/avatar\/3b555f55687bc02baabf959eec9ffaaa?s=96&d=mm&r=g","caption":"Matthias Bruns"}}]}},"_links":{"self":[{"href":"https:\/\/www.logemann-yachting.de\/en\/wp-json\/wp\/v2\/posts\/41402"}],"collection":[{"href":"https:\/\/www.logemann-yachting.de\/en\/wp-json\/wp\/v2\/posts"}],"about":[{"href":"https:\/\/www.logemann-yachting.de\/en\/wp-json\/wp\/v2\/types\/post"}],"author":[{"embeddable":true,"href":"https:\/\/www.logemann-yachting.de\/en\/wp-json\/wp\/v2\/users\/4"}],"replies":[{"embeddable":true,"href":"https:\/\/www.logemann-yachting.de\/en\/wp-json\/wp\/v2\/comments?post=41402"}],"version-history":[{"count":6,"href":"https:\/\/www.logemann-yachting.de\/en\/wp-json\/wp\/v2\/posts\/41402\/revisions"}],"predecessor-version":[{"id":41816,"href":"https:\/\/www.logemann-yachting.de\/en\/wp-json\/wp\/v2\/posts\/41402\/revisions\/41816"}],"wp:featuredmedia":[{"embeddable":true,"href":"https:\/\/www.logemann-yachting.de\/en\/wp-json\/wp\/v2\/media\/41412"}],"wp:attachment":[{"href":"https:\/\/www.logemann-yachting.de\/en\/wp-json\/wp\/v2\/media?parent=41402"}],"wp:term":[{"taxonomy":"category","embeddable":true,"href":"https:\/\/www.logemann-yachting.de\/en\/wp-json\/wp\/v2\/categories?post=41402"},{"taxonomy":"post_tag","embeddable":true,"href":"https:\/\/www.logemann-yachting.de\/en\/wp-json\/wp\/v2\/tags?post=41402"}],"curies":[{"name":"wp","href":"https:\/\/api.w.org\/{rel}","templated":true}]}}