{"id":36712,"date":"2017-02-08T19:35:30","date_gmt":"2017-02-08T18:35:30","guid":{"rendered":"http:\/\/www.logemann-yachting.de\/mit-dem-seascootern-das-meer-erkundigen\/"},"modified":"2017-02-08T21:55:44","modified_gmt":"2017-02-08T20:55:44","slug":"groesste-segelyacht-der-welt-verlaesst-kiel","status":"publish","type":"post","link":"https:\/\/www.logemann-yachting.de\/en\/groesste-segelyacht-der-welt-verlaesst-kiel\/","title":{"rendered":"Gr\u00f6\u00dfte Segelyacht der Welt verl\u00e4sst Kiel"},"content":{"rendered":"<p>[et_pb_section admin_label=&#8221;section&#8221; transparent_background=&#8221;off&#8221; allow_player_pause=&#8221;off&#8221; inner_shadow=&#8221;off&#8221; parallax=&#8221;off&#8221; parallax_method=&#8221;off&#8221; custom_padding=&#8221;||2%|&#8221; padding_mobile=&#8221;off&#8221; make_fullwidth=&#8221;off&#8221; use_custom_width=&#8221;off&#8221; width_unit=&#8221;on&#8221; custom_width_px=&#8221;1080px&#8221; custom_width_percent=&#8221;80%&#8221; make_equal=&#8221;off&#8221; use_custom_gutter=&#8221;off&#8221; gutter_width=&#8221;3&#8243; fullwidth=&#8221;off&#8221; specialty=&#8221;off&#8221; disabled=&#8221;off&#8221;][et_pb_row admin_label=&#8221;row&#8221; make_fullwidth=&#8221;off&#8221; use_custom_width=&#8221;off&#8221; width_unit=&#8221;off&#8221; custom_width_px=&#8221;1080px&#8221; custom_width_percent=&#8221;80%&#8221; use_custom_gutter=&#8221;off&#8221; gutter_width=&#8221;2&#8243; padding_mobile=&#8221;off&#8221; allow_player_pause=&#8221;off&#8221; parallax=&#8221;off&#8221; parallax_method=&#8221;on&#8221; make_equal=&#8221;off&#8221; column_padding_mobile=&#8221;on&#8221; parallax_1=&#8221;off&#8221; parallax_method_1=&#8221;on&#8221; parallax_2=&#8221;off&#8221; parallax_method_2=&#8221;on&#8221; parallax_3=&#8221;off&#8221; parallax_method_3=&#8221;on&#8221; parallax_4=&#8221;off&#8221; parallax_method_4=&#8221;on&#8221; disabled=&#8221;off&#8221;][et_pb_column type=&#8221;4_4&#8243;][et_pb_post_title admin_label=&#8221;Posttitel&#8221; title=&#8221;on&#8221; meta=&#8221;on&#8221; author=&#8221;off&#8221; date=&#8221;on&#8221; date_format=&#8221;M j, Y&#8221; categories=&#8221;off&#8221; comments=&#8221;off&#8221; featured_image=&#8221;on&#8221; featured_placement=&#8221;background&#8221; parallax_effect=&#8221;off&#8221; parallax_method=&#8221;on&#8221; text_orientation=&#8221;center&#8221; text_color=&#8221;dark&#8221; text_background=&#8221;on&#8221; text_bg_color=&#8221;rgba(244,244,244,0.65)&#8221; title_font=&#8221;Oswald||||&#8221; title_font_size=&#8221;30px&#8221; title_text_color=&#8221;#41596b&#8221; title_line_height=&#8221;1.4em&#8221; title_all_caps=&#8221;off&#8221; meta_text_color=&#8221;#7d797b&#8221; use_border_color=&#8221;off&#8221; border_color=&#8221;#ffffff&#8221; border_width=&#8221;1px&#8221; border_style=&#8221;solid&#8221; disabled=&#8221;off&#8221;]<br \/>\n[\/et_pb_post_title][\/et_pb_column][\/et_pb_row][\/et_pb_section][et_pb_section admin_label=&#8221;Sektion&#8221; transparent_background=&#8221;off&#8221; allow_player_pause=&#8221;off&#8221; inner_shadow=&#8221;off&#8221; parallax=&#8221;off&#8221; parallax_method=&#8221;off&#8221; custom_padding=&#8221;||2%|&#8221; padding_mobile=&#8221;off&#8221; make_fullwidth=&#8221;off&#8221; use_custom_width=&#8221;off&#8221; width_unit=&#8221;on&#8221; custom_width_px=&#8221;1080px&#8221; custom_width_percent=&#8221;80%&#8221; make_equal=&#8221;off&#8221; use_custom_gutter=&#8221;off&#8221; gutter_width=&#8221;3&#8243; fullwidth=&#8221;off&#8221; specialty=&#8221;off&#8221; disabled=&#8221;off&#8221;][et_pb_row admin_label=&#8221;Zeile&#8221; make_fullwidth=&#8221;off&#8221; use_custom_width=&#8221;off&#8221; width_unit=&#8221;off&#8221; custom_width_px=&#8221;1080px&#8221; custom_width_percent=&#8221;80%&#8221; use_custom_gutter=&#8221;off&#8221; gutter_width=&#8221;2&#8243; padding_mobile=&#8221;off&#8221; allow_player_pause=&#8221;off&#8221; parallax=&#8221;off&#8221; parallax_method=&#8221;on&#8221; make_equal=&#8221;off&#8221; column_padding_mobile=&#8221;on&#8221; parallax_1=&#8221;off&#8221; parallax_method_1=&#8221;on&#8221; parallax_2=&#8221;off&#8221; parallax_method_2=&#8221;on&#8221; parallax_3=&#8221;off&#8221; parallax_method_3=&#8221;on&#8221; parallax_4=&#8221;off&#8221; parallax_method_4=&#8221;on&#8221; disabled=&#8221;off&#8221;][et_pb_column type=&#8221;4_4&#8243;][et_pb_text admin_label=&#8221;Einleitung&#8221; background_layout=&#8221;light&#8221; text_orientation=&#8221;left&#8221; use_border_color=&#8221;off&#8221; border_style=&#8221;solid&#8221; disabled=&#8221;off&#8221; border_color=&#8221;#ffffff&#8221;]<\/p>\n<p>Die gr\u00f6\u00dfte Segelyacht der Welt mit dem besonderen Namen \u201eSAILING YACHT A\u201c hat die Hafenstadt Kiel verlassen und ist nun auf dem Weg nach S\u00fcdspanien. Die Kieler Werft \u201eGerman Naval Yards\u201c baute in den letzten Jahren den gewaltigen Dreimaster f\u00fcr den russischen Eigner und Milliard\u00e4r Andrej Melnitschenko.<br \/>\nDie \u201eSAILING YACHT A\u201c wurde vom dem franz\u00f6sischen Designer Philippe Starck entworfen. Der Designer entwarf bereits vor Jahren die 119 Meter lange Motoryacht \u201eA\u201c f\u00fcr Melnitschenko, welche ebenfalls in Kiel gebaut wurde.<br \/>\nEine interessante Bilder-Reihe zum Bau der gr\u00f6\u00dften Yacht der Welt gibt es im NDR-Artikel Chronologie: <span style=\"color: #000000;\"><a style=\"color: #000000;\" href=\"http:\/\/www.ndr.de\/nachrichten\/schleswig-holstein\/Chronologie-Von-der-White-Pearl-zur-Sailing-Yacht-A,sailingyachta118.html\" target=\"_blank\">Von der White Pearl zur Sailing Yacht A<\/a><\/span>.<\/p>\n<p>[\/et_pb_text][\/et_pb_column][\/et_pb_row][\/et_pb_section][et_pb_section admin_label=&#8221;Sektion&#8221; transparent_background=&#8221;off&#8221; allow_player_pause=&#8221;off&#8221; inner_shadow=&#8221;off&#8221; parallax=&#8221;off&#8221; parallax_method=&#8221;on&#8221; padding_mobile=&#8221;off&#8221; make_fullwidth=&#8221;off&#8221; use_custom_width=&#8221;off&#8221; width_unit=&#8221;off&#8221; custom_width_px=&#8221;1080px&#8221; custom_width_percent=&#8221;80%&#8221; make_equal=&#8221;off&#8221; use_custom_gutter=&#8221;off&#8221; fullwidth=&#8221;off&#8221; specialty=&#8221;off&#8221; disabled=&#8221;off&#8221;][et_pb_row admin_label=&#8221;Zeile&#8221; make_fullwidth=&#8221;off&#8221; use_custom_width=&#8221;off&#8221; width_unit=&#8221;off&#8221; custom_width_px=&#8221;1080px&#8221; custom_width_percent=&#8221;80%&#8221; use_custom_gutter=&#8221;off&#8221; gutter_width=&#8221;2&#8243; padding_mobile=&#8221;off&#8221; allow_player_pause=&#8221;off&#8221; parallax=&#8221;off&#8221; parallax_method=&#8221;on&#8221; make_equal=&#8221;off&#8221; column_padding_mobile=&#8221;on&#8221; parallax_1=&#8221;off&#8221; parallax_method_1=&#8221;on&#8221; parallax_2=&#8221;off&#8221; parallax_method_2=&#8221;on&#8221; parallax_3=&#8221;off&#8221; parallax_method_3=&#8221;on&#8221; parallax_4=&#8221;off&#8221; parallax_method_4=&#8221;on&#8221; disabled=&#8221;off&#8221;][et_pb_column type=&#8221;4_4&#8243;][et_pb_text admin_label=&#8221;H\u00f6chster Standard&#8221; background_layout=&#8221;light&#8221; text_orientation=&#8221;left&#8221; use_border_color=&#8221;off&#8221; border_style=&#8221;solid&#8221; disabled=&#8221;off&#8221; border_color=&#8221;#ffffff&#8221;]<\/p>\n<h3><strong>Luxus in ungeahnten Dimensionen<\/strong><\/h3>\n<p>Die futuristische Yacht ist ca. 143 Meter lang und fast 25 Meter breit und damit mit Abstand die gr\u00f6\u00dfte Segelyacht der Welt. Insgesamt verf\u00fcgt die Yacht \u00fcber 3700 Quadratmeter Segelfl\u00e4che und bietet damit eine luxuri\u00f6se Atmosph\u00e4re in ganz neuen Dimensionen: Die Segelfl\u00e4che entspricht etwa die H\u00e4lfte eines Fu\u00dfballplatzes!<br \/>\nEine spannende Bildergalerie der gewaltigen Superyacht gibt es im Artikel<span style=\"color: #000000;\"> <a style=\"color: #000000;\" href=\"https:\/\/web.de\/magazine\/reise\/groesste-segelyacht-welt-verlaesst-kiel-32152900\" target=\"_blank\">Gr\u00f6\u00dfte Yacht der Welt verl\u00e4sst Kiel<\/a> <\/span>auf Web.de zu bestaunen.<\/p>\n<p>[\/et_pb_text][\/et_pb_column][\/et_pb_row][et_pb_row admin_label=&#8221;Zeile&#8221; make_fullwidth=&#8221;off&#8221; use_custom_width=&#8221;off&#8221; width_unit=&#8221;off&#8221; custom_width_px=&#8221;1080px&#8221; custom_width_percent=&#8221;80%&#8221; use_custom_gutter=&#8221;off&#8221; gutter_width=&#8221;2&#8243; padding_mobile=&#8221;off&#8221; allow_player_pause=&#8221;off&#8221; parallax=&#8221;off&#8221; parallax_method=&#8221;on&#8221; make_equal=&#8221;off&#8221; column_padding_mobile=&#8221;on&#8221; parallax_1=&#8221;off&#8221; parallax_method_1=&#8221;on&#8221; parallax_2=&#8221;off&#8221; parallax_method_2=&#8221;on&#8221; parallax_3=&#8221;off&#8221; parallax_method_3=&#8221;on&#8221; parallax_4=&#8221;off&#8221; parallax_method_4=&#8221;on&#8221; disabled=&#8221;off&#8221;][et_pb_column type=&#8221;4_4&#8243;][\/et_pb_column][\/et_pb_row][\/et_pb_section][et_pb_section admin_label=&#8221;Sektion&#8221; transparent_background=&#8221;off&#8221; allow_player_pause=&#8221;off&#8221; inner_shadow=&#8221;off&#8221; parallax=&#8221;off&#8221; parallax_method=&#8221;on&#8221; padding_mobile=&#8221;off&#8221; make_fullwidth=&#8221;off&#8221; use_custom_width=&#8221;off&#8221; width_unit=&#8221;off&#8221; custom_width_px=&#8221;1080px&#8221; custom_width_percent=&#8221;80%&#8221; make_equal=&#8221;off&#8221; use_custom_gutter=&#8221;off&#8221; fullwidth=&#8221;off&#8221; specialty=&#8221;off&#8221; disabled=&#8221;off&#8221;][et_pb_row admin_label=&#8221;Zeile&#8221; make_fullwidth=&#8221;off&#8221; use_custom_width=&#8221;off&#8221; width_unit=&#8221;on&#8221; custom_width_px=&#8221;1080px&#8221; custom_width_percent=&#8221;80%&#8221; use_custom_gutter=&#8221;off&#8221; gutter_width=&#8221;3&#8243; custom_padding=&#8221;2%||2%|&#8221; padding_mobile=&#8221;off&#8221; allow_player_pause=&#8221;off&#8221; parallax=&#8221;off&#8221; parallax_method=&#8221;off&#8221; make_equal=&#8221;off&#8221; column_padding_mobile=&#8221;on&#8221; parallax_1=&#8221;off&#8221; parallax_method_1=&#8221;off&#8221; parallax_2=&#8221;off&#8221; parallax_method_2=&#8221;on&#8221; parallax_3=&#8221;off&#8221; parallax_method_3=&#8221;on&#8221; parallax_4=&#8221;off&#8221; parallax_method_4=&#8221;on&#8221; disabled=&#8221;off&#8221;][et_pb_column type=&#8221;4_4&#8243;][et_pb_text admin_label=&#8221;Drei Reiserouten&#8221; background_layout=&#8221;light&#8221; text_orientation=&#8221;left&#8221; use_border_color=&#8221;off&#8221; border_style=&#8221;solid&#8221; disabled=&#8221;off&#8221; border_color=&#8221;#ffffff&#8221;]<\/p>\n<h3><strong>Ausstattung der Superlative<br \/>\n<\/strong><\/h3>\n<p>Neben der gewaltigen Gr\u00f6\u00dfe und der riesigen Segelfl\u00e4che verf\u00fcgt die Superyacht \u201eSAILING YACHT A\u201c \u00fcber eine Ausstattung, die alles bisher Gekannte \u00fcbertrifft. Dazu geh\u00f6rt beispielsweise eine beeindruckende Panorama-Lounge unter der Wasserlinie, mehrere Beiboote und sogar ein eigenes U-Boot.<br \/>\nSpekulationen zufolge handelt es sich bei dem Kaufpreis um rund 400 Millionen Euro. Offizielle Angaben gibt es allerdings nicht. Die offizielle \u00dcbergabe an den Eigner Melnitschenko soll f\u00fcr das sp\u00e4te Fr\u00fchjahr vorgesehen sein.<\/p>\n<h3><strong>Unser Fazit<br \/>\n<\/strong><\/h3>\n<p>Diese Superyacht zeigt schon heute, wo die Reise hingehen kann. Auch wenn es diese Yacht leider nicht bei uns gibt, haben wir dennoch einige Yachten zur Auswahl, die durchaus einige Aspekte dieser Superyacht wiederspiegeln. Wenn also auch Sie einmal einen Urlaub auf einer Superyacht verbringen m\u00f6chten, dann kontaktieren Sie uns gerne,<\/p>\n<p><em>Quelle: <span style=\"color: #000000;\"><a style=\"color: #000000;\" href=\"https:\/\/web.de\/magazine\/reise\/groesste-segelyacht-welt-verlaesst-kiel-32152900\" target=\"_blank\">https:\/\/web.de\/magazine\/reise\/groesste-segelyacht-welt-verlaesst-kiel-32152900<\/a><\/span><\/em><\/p>\n<p>[\/et_pb_text][\/et_pb_column][\/et_pb_row][\/et_pb_section][et_pb_section admin_label=&#8221;Sektion&#8221; fullwidth=&#8221;off&#8221; specialty=&#8221;off&#8221; transparent_background=&#8221;on&#8221; allow_player_pause=&#8221;off&#8221; inner_shadow=&#8221;off&#8221; parallax=&#8221;off&#8221; parallax_method=&#8221;off&#8221; padding_mobile=&#8221;off&#8221; make_fullwidth=&#8221;off&#8221; use_custom_width=&#8221;off&#8221; width_unit=&#8221;on&#8221; make_equal=&#8221;off&#8221; use_custom_gutter=&#8221;off&#8221; background_color=&#8221;rgba(0,54,114,0.75)&#8221;][et_pb_row admin_label=&#8221;Zeile&#8221;][et_pb_column type=&#8221;4_4&#8243;][et_pb_divider admin_label=&#8221;Teiler&#8221; color=&#8221;#003672&#8243; show_divider=&#8221;on&#8221; height=&#8221;3&#8243; divider_style=&#8221;solid&#8221; divider_position=&#8221;top&#8221; hide_on_mobile=&#8221;on&#8221;]<br \/>\n[\/et_pb_divider][\/et_pb_column][\/et_pb_row][et_pb_row admin_label=&#8221;Zeile&#8221; make_fullwidth=&#8221;off&#8221; use_custom_width=&#8221;off&#8221; width_unit=&#8221;on&#8221; use_custom_gutter=&#8221;off&#8221; gutter_width=&#8221;3&#8243; custom_padding=&#8221;2%||20px|&#8221; padding_mobile=&#8221;off&#8221; allow_player_pause=&#8221;off&#8221; parallax=&#8221;off&#8221; parallax_method=&#8221;off&#8221; make_equal=&#8221;off&#8221; parallax_1=&#8221;off&#8221; parallax_method_1=&#8221;off&#8221; parallax_2=&#8221;off&#8221; parallax_method_2=&#8221;off&#8221; column_padding_mobile=&#8221;on&#8221; custom_margin=&#8221;2%|||&#8221; padding_top_1=&#8221;2%&#8221; padding_top_2=&#8221;2%&#8221; parallax_3=&#8221;off&#8221; parallax_method_3=&#8221;off&#8221; padding_top_3=&#8221;2%&#8221;][et_pb_column type=&#8221;1_3&#8243;][et_pb_image admin_label=&#8221;Bild&#8221; src=&#8221;https:\/\/www.logemann-yachting.de\/wp-content\/uploads\/2015\/08\/Logemann-cc1.jpg&#8221; show_in_lightbox=&#8221;off&#8221; url_new_window=&#8221;off&#8221; animation=&#8221;off&#8221; sticky=&#8221;off&#8221; align=&#8221;left&#8221; force_fullwidth=&#8221;off&#8221; always_center_on_mobile=&#8221;on&#8221; use_border_color=&#8221;off&#8221; border_color=&#8221;#ffffff&#8221; border_style=&#8221;solid&#8221;]<br \/>\n[\/et_pb_image][\/et_pb_column][et_pb_column type=&#8221;1_3&#8243;][et_pb_text admin_label=&#8221;Text&#8221; background_layout=&#8221;light&#8221; text_orientation=&#8221;left&#8221; use_border_color=&#8221;off&#8221; border_color=&#8221;#ffffff&#8221; border_style=&#8221;solid&#8221;]<\/p>\n<p>Sie haben Fragen oder W\u00fcnsche?<\/p>\n<p><strong>Juergen Logemann<\/strong>\u00a0ist einer der f\u00fchrenden Yacht-Experten f\u00fcr das Chartern von <strong>Luxusyachten mit Crew<\/strong>. Er\u00a0unterst\u00fctzt Sie gerne bei Ihrer Yachtsuche.<\/p>\n<p>[\/et_pb_text][\/et_pb_column][et_pb_column type=&#8221;1_3&#8243;][et_pb_cta admin_label=&#8221;Telefon&#8221; button_url=&#8221;tel:+494213469650&#8243; url_new_window=&#8221;off&#8221; button_text=&#8221;+49 (0)421 34 69 650&#8243; use_background_color=&#8221;off&#8221; background_color=&#8221;#6b6b6b&#8221; background_layout=&#8221;dark&#8221; text_orientation=&#8221;left&#8221; use_border_color=&#8221;off&#8221; border_color=&#8221;#ffffff&#8221; border_style=&#8221;solid&#8221; custom_button=&#8221;on&#8221; button_bg_color=&#8221;rgba(8,250,251,0.8)&#8221; button_border_radius=&#8221;0&#8243; button_letter_spacing=&#8221;0&#8243; button_use_icon=&#8221;default&#8221; button_icon_placement=&#8221;right&#8221; button_on_hover=&#8221;on&#8221; button_border_radius_hover=&#8221;0&#8243; custom_margin=&#8221;0px|||&#8221; custom_padding=&#8221;0px|||&#8221; button_text_color=&#8221;rgba(0,0,0,0.8)&#8221; button_border_color=&#8221;rgba(0,0,0,0.8)&#8221;]<br \/>\n[\/et_pb_cta][et_pb_cta admin_label=&#8221;Verkn\u00fcpfung: Kontakt&#8221; button_url=&#8221;\/kontakt\/&#8221; url_new_window=&#8221;off&#8221; button_text=&#8221;Oder schreiben Sie uns&#8221; use_background_color=&#8221;off&#8221; background_color=&#8221;#6b6b6b&#8221; background_layout=&#8221;light&#8221; text_orientation=&#8221;left&#8221; use_border_color=&#8221;off&#8221; border_color=&#8221;#ffffff&#8221; border_style=&#8221;solid&#8221; custom_button=&#8221;on&#8221; button_text_size=&#8221;16&#8243; button_bg_color=&#8221;rgba(8,250,251,0.8)&#8221; button_border_radius=&#8221;0&#8243; button_letter_spacing=&#8221;0&#8243; button_use_icon=&#8221;default&#8221; button_icon_placement=&#8221;right&#8221; button_on_hover=&#8221;on&#8221; button_border_radius_hover=&#8221;0&#8243; button_letter_spacing_hover=&#8221;0&#8243; button_bg_color_hover=&#8221;rgba(244,244,244,0.5)&#8221; button_text_color=&#8221;#000000&#8243; button_border_color=&#8221;rgba(0,0,0,0.8)&#8221; saved_tabs=&#8221;all&#8221;]<br \/>\n[\/et_pb_cta][\/et_pb_column][\/et_pb_row][\/et_pb_section]<\/p>\n","protected":false},"excerpt":{"rendered":"<p>Die gr\u00f6\u00dfte Segelyacht der Welt mit dem besonderen Namen \u201eSAILING YACHT A\u201c hat die Hafenstadt Kiel verlassen und ist nun auf dem Weg nach S\u00fcdspanien. Die Kieler Werft \u201eGerman Naval Yards\u201c baute in den letzten Jahren den gewaltigen Dreimaster f\u00fcr den russischen Eigner und Milliard\u00e4r Andrej Melnitschenko. Die \u201eSAILING YACHT A\u201c wurde vom dem franz\u00f6sischen [&hellip;]<\/p>\n","protected":false},"author":4,"featured_media":36716,"comment_status":"open","ping_status":"open","sticky":false,"template":"","format":"standard","meta":{"_et_pb_use_builder":"on","_et_pb_old_content":"","_et_gb_content_width":"","footnotes":""},"categories":[691,859],"tags":[],"acf":[],"yoast_head":"<!-- This site is optimized with the Yoast SEO plugin v22.5 - https:\/\/yoast.com\/wordpress\/plugins\/seo\/ -->\n<title>Gr\u00f6\u00dfte Segelyacht der Welt verl\u00e4sst Kiel<\/title>\n<meta name=\"description\" content=\"Die gr\u00f6\u00dfte Segelyacht der Welt mit dem besonderen Namen \u201eSAILING YACHT A\u201c hat die Hafenstadt Kiel verlassen und ist nun auf dem Weg nach S\u00fcdspanien.\" \/>\n<meta name=\"robots\" content=\"index, follow, max-snippet:-1, max-image-preview:large, max-video-preview:-1\" \/>\n<link rel=\"canonical\" href=\"https:\/\/www.logemann-yachting.de\/en\/groesste-segelyacht-der-welt-verlaesst-kiel\/\" \/>\n<meta property=\"og:locale\" content=\"en_US\" \/>\n<meta property=\"og:type\" content=\"article\" \/>\n<meta property=\"og:title\" content=\"Gr\u00f6\u00dfte Segelyacht der Welt verl\u00e4sst Kiel\" \/>\n<meta property=\"og:description\" content=\"Die gr\u00f6\u00dfte Segelyacht der Welt mit dem besonderen Namen \u201eSAILING YACHT A\u201c hat die Hafenstadt Kiel verlassen und ist nun auf dem Weg nach S\u00fcdspanien.\" \/>\n<meta property=\"og:url\" content=\"https:\/\/www.logemann-yachting.de\/en\/groesste-segelyacht-der-welt-verlaesst-kiel\/\" \/>\n<meta property=\"og:site_name\" content=\"BCR-Logemann-Yachting\" \/>\n<meta property=\"article:published_time\" content=\"2017-02-08T18:35:30+00:00\" \/>\n<meta property=\"article:modified_time\" content=\"2017-02-08T20:55:44+00:00\" \/>\n<meta property=\"og:image\" content=\"https:\/\/www.logemann-yachting.de\/wp-content\/uploads\/2017\/02\/kiel_leuchtturm.jpg\" \/>\n\t<meta property=\"og:image:width\" content=\"1920\" \/>\n\t<meta property=\"og:image:height\" content=\"1083\" \/>\n\t<meta property=\"og:image:type\" content=\"image\/jpeg\" \/>\n<meta name=\"author\" content=\"Matthias Bruns\" \/>\n<meta name=\"twitter:card\" content=\"summary_large_image\" \/>\n<meta name=\"twitter:label1\" content=\"Written by\" \/>\n\t<meta name=\"twitter:data1\" content=\"Matthias Bruns\" \/>\n\t<meta name=\"twitter:label2\" content=\"Est. reading time\" \/>\n\t<meta name=\"twitter:data2\" content=\"8 minutes\" \/>\n<script type=\"application\/ld+json\" class=\"yoast-schema-graph\">{\"@context\":\"https:\/\/schema.org\",\"@graph\":[{\"@type\":\"Article\",\"@id\":\"https:\/\/www.logemann-yachting.de\/en\/groesste-segelyacht-der-welt-verlaesst-kiel\/#article\",\"isPartOf\":{\"@id\":\"https:\/\/www.logemann-yachting.de\/en\/groesste-segelyacht-der-welt-verlaesst-kiel\/\"},\"author\":{\"name\":\"Matthias Bruns\",\"@id\":\"https:\/\/www.logemann-yachting.de\/en\/#\/schema\/person\/c8f71fc83f26b7610924b5970fed3edd\"},\"headline\":\"Gr\u00f6\u00dfte Segelyacht der Welt verl\u00e4sst Kiel\",\"datePublished\":\"2017-02-08T18:35:30+00:00\",\"dateModified\":\"2017-02-08T20:55:44+00:00\",\"mainEntityOfPage\":{\"@id\":\"https:\/\/www.logemann-yachting.de\/en\/groesste-segelyacht-der-welt-verlaesst-kiel\/\"},\"wordCount\":1624,\"commentCount\":0,\"publisher\":{\"@id\":\"https:\/\/www.logemann-yachting.de\/en\/#organization\"},\"image\":{\"@id\":\"https:\/\/www.logemann-yachting.de\/en\/groesste-segelyacht-der-welt-verlaesst-kiel\/#primaryimage\"},\"thumbnailUrl\":\"https:\/\/www.logemann-yachting.de\/wp-content\/uploads\/2017\/02\/kiel_leuchtturm.jpg\",\"articleSection\":[\"Aktuelles\",\"Lifestyle\"],\"inLanguage\":\"en-US\",\"potentialAction\":[{\"@type\":\"CommentAction\",\"name\":\"Comment\",\"target\":[\"https:\/\/www.logemann-yachting.de\/en\/groesste-segelyacht-der-welt-verlaesst-kiel\/#respond\"]}]},{\"@type\":\"WebPage\",\"@id\":\"https:\/\/www.logemann-yachting.de\/en\/groesste-segelyacht-der-welt-verlaesst-kiel\/\",\"url\":\"https:\/\/www.logemann-yachting.de\/en\/groesste-segelyacht-der-welt-verlaesst-kiel\/\",\"name\":\"Gr\u00f6\u00dfte Segelyacht der Welt verl\u00e4sst Kiel\",\"isPartOf\":{\"@id\":\"https:\/\/www.logemann-yachting.de\/en\/#website\"},\"primaryImageOfPage\":{\"@id\":\"https:\/\/www.logemann-yachting.de\/en\/groesste-segelyacht-der-welt-verlaesst-kiel\/#primaryimage\"},\"image\":{\"@id\":\"https:\/\/www.logemann-yachting.de\/en\/groesste-segelyacht-der-welt-verlaesst-kiel\/#primaryimage\"},\"thumbnailUrl\":\"https:\/\/www.logemann-yachting.de\/wp-content\/uploads\/2017\/02\/kiel_leuchtturm.jpg\",\"datePublished\":\"2017-02-08T18:35:30+00:00\",\"dateModified\":\"2017-02-08T20:55:44+00:00\",\"description\":\"Die gr\u00f6\u00dfte Segelyacht der Welt mit dem besonderen Namen \u201eSAILING YACHT A\u201c hat die Hafenstadt Kiel verlassen und ist nun auf dem Weg nach S\u00fcdspanien.\",\"breadcrumb\":{\"@id\":\"https:\/\/www.logemann-yachting.de\/en\/groesste-segelyacht-der-welt-verlaesst-kiel\/#breadcrumb\"},\"inLanguage\":\"en-US\",\"potentialAction\":[{\"@type\":\"ReadAction\",\"target\":[\"https:\/\/www.logemann-yachting.de\/en\/groesste-segelyacht-der-welt-verlaesst-kiel\/\"]}]},{\"@type\":\"ImageObject\",\"inLanguage\":\"en-US\",\"@id\":\"https:\/\/www.logemann-yachting.de\/en\/groesste-segelyacht-der-welt-verlaesst-kiel\/#primaryimage\",\"url\":\"https:\/\/www.logemann-yachting.de\/wp-content\/uploads\/2017\/02\/kiel_leuchtturm.jpg\",\"contentUrl\":\"https:\/\/www.logemann-yachting.de\/wp-content\/uploads\/2017\/02\/kiel_leuchtturm.jpg\",\"width\":1920,\"height\":1083},{\"@type\":\"BreadcrumbList\",\"@id\":\"https:\/\/www.logemann-yachting.de\/en\/groesste-segelyacht-der-welt-verlaesst-kiel\/#breadcrumb\",\"itemListElement\":[{\"@type\":\"ListItem\",\"position\":1,\"name\":\"Home\",\"item\":\"https:\/\/www.logemann-yachting.de\/en\/\"},{\"@type\":\"ListItem\",\"position\":2,\"name\":\"Gr\u00f6\u00dfte Segelyacht der Welt verl\u00e4sst Kiel\"}]},{\"@type\":\"WebSite\",\"@id\":\"https:\/\/www.logemann-yachting.de\/en\/#website\",\"url\":\"https:\/\/www.logemann-yachting.de\/en\/\",\"name\":\"BCR-Logemann-Yachting\",\"description\":\"Crewed Yachtcharter auf Luxus-Segelyachten und Luxus-Motoryachten weltweit\",\"publisher\":{\"@id\":\"https:\/\/www.logemann-yachting.de\/en\/#organization\"},\"potentialAction\":[{\"@type\":\"SearchAction\",\"target\":{\"@type\":\"EntryPoint\",\"urlTemplate\":\"https:\/\/www.logemann-yachting.de\/en\/?s={search_term_string}\"},\"query-input\":\"required name=search_term_string\"}],\"inLanguage\":\"en-US\"},{\"@type\":\"Organization\",\"@id\":\"https:\/\/www.logemann-yachting.de\/en\/#organization\",\"name\":\"Logemann Yachting\",\"url\":\"https:\/\/www.logemann-yachting.de\/en\/\",\"logo\":{\"@type\":\"ImageObject\",\"inLanguage\":\"en-US\",\"@id\":\"https:\/\/www.logemann-yachting.de\/en\/#\/schema\/logo\/image\/\",\"url\":\"https:\/\/www.logemann-yachting.de\/wp-content\/uploads\/2023\/08\/BCR-Logemann-Yachting-Logo1.png\",\"contentUrl\":\"https:\/\/www.logemann-yachting.de\/wp-content\/uploads\/2023\/08\/BCR-Logemann-Yachting-Logo1.png\",\"width\":382,\"height\":85,\"caption\":\"Logemann Yachting\"},\"image\":{\"@id\":\"https:\/\/www.logemann-yachting.de\/en\/#\/schema\/logo\/image\/\"}},{\"@type\":\"Person\",\"@id\":\"https:\/\/www.logemann-yachting.de\/en\/#\/schema\/person\/c8f71fc83f26b7610924b5970fed3edd\",\"name\":\"Matthias Bruns\",\"image\":{\"@type\":\"ImageObject\",\"inLanguage\":\"en-US\",\"@id\":\"https:\/\/www.logemann-yachting.de\/en\/#\/schema\/person\/image\/\",\"url\":\"https:\/\/secure.gravatar.com\/avatar\/3b555f55687bc02baabf959eec9ffaaa?s=96&d=mm&r=g\",\"contentUrl\":\"https:\/\/secure.gravatar.com\/avatar\/3b555f55687bc02baabf959eec9ffaaa?s=96&d=mm&r=g\",\"caption\":\"Matthias Bruns\"}}]}<\/script>\n<!-- \/ Yoast SEO plugin. -->","yoast_head_json":{"title":"Gr\u00f6\u00dfte Segelyacht der Welt verl\u00e4sst Kiel","description":"Die gr\u00f6\u00dfte Segelyacht der Welt mit dem besonderen Namen \u201eSAILING YACHT A\u201c hat die Hafenstadt Kiel verlassen und ist nun auf dem Weg nach S\u00fcdspanien.","robots":{"index":"index","follow":"follow","max-snippet":"max-snippet:-1","max-image-preview":"max-image-preview:large","max-video-preview":"max-video-preview:-1"},"canonical":"https:\/\/www.logemann-yachting.de\/en\/groesste-segelyacht-der-welt-verlaesst-kiel\/","og_locale":"en_US","og_type":"article","og_title":"Gr\u00f6\u00dfte Segelyacht der Welt verl\u00e4sst Kiel","og_description":"Die gr\u00f6\u00dfte Segelyacht der Welt mit dem besonderen Namen \u201eSAILING YACHT A\u201c hat die Hafenstadt Kiel verlassen und ist nun auf dem Weg nach S\u00fcdspanien.","og_url":"https:\/\/www.logemann-yachting.de\/en\/groesste-segelyacht-der-welt-verlaesst-kiel\/","og_site_name":"BCR-Logemann-Yachting","article_published_time":"2017-02-08T18:35:30+00:00","article_modified_time":"2017-02-08T20:55:44+00:00","og_image":[{"width":1920,"height":1083,"url":"https:\/\/www.logemann-yachting.de\/wp-content\/uploads\/2017\/02\/kiel_leuchtturm.jpg","type":"image\/jpeg"}],"author":"Matthias Bruns","twitter_card":"summary_large_image","twitter_misc":{"Written by":"Matthias Bruns","Est. reading time":"8 minutes"},"schema":{"@context":"https:\/\/schema.org","@graph":[{"@type":"Article","@id":"https:\/\/www.logemann-yachting.de\/en\/groesste-segelyacht-der-welt-verlaesst-kiel\/#article","isPartOf":{"@id":"https:\/\/www.logemann-yachting.de\/en\/groesste-segelyacht-der-welt-verlaesst-kiel\/"},"author":{"name":"Matthias Bruns","@id":"https:\/\/www.logemann-yachting.de\/en\/#\/schema\/person\/c8f71fc83f26b7610924b5970fed3edd"},"headline":"Gr\u00f6\u00dfte Segelyacht der Welt verl\u00e4sst Kiel","datePublished":"2017-02-08T18:35:30+00:00","dateModified":"2017-02-08T20:55:44+00:00","mainEntityOfPage":{"@id":"https:\/\/www.logemann-yachting.de\/en\/groesste-segelyacht-der-welt-verlaesst-kiel\/"},"wordCount":1624,"commentCount":0,"publisher":{"@id":"https:\/\/www.logemann-yachting.de\/en\/#organization"},"image":{"@id":"https:\/\/www.logemann-yachting.de\/en\/groesste-segelyacht-der-welt-verlaesst-kiel\/#primaryimage"},"thumbnailUrl":"https:\/\/www.logemann-yachting.de\/wp-content\/uploads\/2017\/02\/kiel_leuchtturm.jpg","articleSection":["Aktuelles","Lifestyle"],"inLanguage":"en-US","potentialAction":[{"@type":"CommentAction","name":"Comment","target":["https:\/\/www.logemann-yachting.de\/en\/groesste-segelyacht-der-welt-verlaesst-kiel\/#respond"]}]},{"@type":"WebPage","@id":"https:\/\/www.logemann-yachting.de\/en\/groesste-segelyacht-der-welt-verlaesst-kiel\/","url":"https:\/\/www.logemann-yachting.de\/en\/groesste-segelyacht-der-welt-verlaesst-kiel\/","name":"Gr\u00f6\u00dfte Segelyacht der Welt verl\u00e4sst Kiel","isPartOf":{"@id":"https:\/\/www.logemann-yachting.de\/en\/#website"},"primaryImageOfPage":{"@id":"https:\/\/www.logemann-yachting.de\/en\/groesste-segelyacht-der-welt-verlaesst-kiel\/#primaryimage"},"image":{"@id":"https:\/\/www.logemann-yachting.de\/en\/groesste-segelyacht-der-welt-verlaesst-kiel\/#primaryimage"},"thumbnailUrl":"https:\/\/www.logemann-yachting.de\/wp-content\/uploads\/2017\/02\/kiel_leuchtturm.jpg","datePublished":"2017-02-08T18:35:30+00:00","dateModified":"2017-02-08T20:55:44+00:00","description":"Die gr\u00f6\u00dfte Segelyacht der Welt mit dem besonderen Namen \u201eSAILING YACHT A\u201c hat die Hafenstadt Kiel verlassen und ist nun auf dem Weg nach S\u00fcdspanien.","breadcrumb":{"@id":"https:\/\/www.logemann-yachting.de\/en\/groesste-segelyacht-der-welt-verlaesst-kiel\/#breadcrumb"},"inLanguage":"en-US","potentialAction":[{"@type":"ReadAction","target":["https:\/\/www.logemann-yachting.de\/en\/groesste-segelyacht-der-welt-verlaesst-kiel\/"]}]},{"@type":"ImageObject","inLanguage":"en-US","@id":"https:\/\/www.logemann-yachting.de\/en\/groesste-segelyacht-der-welt-verlaesst-kiel\/#primaryimage","url":"https:\/\/www.logemann-yachting.de\/wp-content\/uploads\/2017\/02\/kiel_leuchtturm.jpg","contentUrl":"https:\/\/www.logemann-yachting.de\/wp-content\/uploads\/2017\/02\/kiel_leuchtturm.jpg","width":1920,"height":1083},{"@type":"BreadcrumbList","@id":"https:\/\/www.logemann-yachting.de\/en\/groesste-segelyacht-der-welt-verlaesst-kiel\/#breadcrumb","itemListElement":[{"@type":"ListItem","position":1,"name":"Home","item":"https:\/\/www.logemann-yachting.de\/en\/"},{"@type":"ListItem","position":2,"name":"Gr\u00f6\u00dfte Segelyacht der Welt verl\u00e4sst Kiel"}]},{"@type":"WebSite","@id":"https:\/\/www.logemann-yachting.de\/en\/#website","url":"https:\/\/www.logemann-yachting.de\/en\/","name":"BCR-Logemann-Yachting","description":"Crewed Yachtcharter auf Luxus-Segelyachten und Luxus-Motoryachten weltweit","publisher":{"@id":"https:\/\/www.logemann-yachting.de\/en\/#organization"},"potentialAction":[{"@type":"SearchAction","target":{"@type":"EntryPoint","urlTemplate":"https:\/\/www.logemann-yachting.de\/en\/?s={search_term_string}"},"query-input":"required name=search_term_string"}],"inLanguage":"en-US"},{"@type":"Organization","@id":"https:\/\/www.logemann-yachting.de\/en\/#organization","name":"Logemann Yachting","url":"https:\/\/www.logemann-yachting.de\/en\/","logo":{"@type":"ImageObject","inLanguage":"en-US","@id":"https:\/\/www.logemann-yachting.de\/en\/#\/schema\/logo\/image\/","url":"https:\/\/www.logemann-yachting.de\/wp-content\/uploads\/2023\/08\/BCR-Logemann-Yachting-Logo1.png","contentUrl":"https:\/\/www.logemann-yachting.de\/wp-content\/uploads\/2023\/08\/BCR-Logemann-Yachting-Logo1.png","width":382,"height":85,"caption":"Logemann Yachting"},"image":{"@id":"https:\/\/www.logemann-yachting.de\/en\/#\/schema\/logo\/image\/"}},{"@type":"Person","@id":"https:\/\/www.logemann-yachting.de\/en\/#\/schema\/person\/c8f71fc83f26b7610924b5970fed3edd","name":"Matthias Bruns","image":{"@type":"ImageObject","inLanguage":"en-US","@id":"https:\/\/www.logemann-yachting.de\/en\/#\/schema\/person\/image\/","url":"https:\/\/secure.gravatar.com\/avatar\/3b555f55687bc02baabf959eec9ffaaa?s=96&d=mm&r=g","contentUrl":"https:\/\/secure.gravatar.com\/avatar\/3b555f55687bc02baabf959eec9ffaaa?s=96&d=mm&r=g","caption":"Matthias Bruns"}}]}},"_links":{"self":[{"href":"https:\/\/www.logemann-yachting.de\/en\/wp-json\/wp\/v2\/posts\/36712"}],"collection":[{"href":"https:\/\/www.logemann-yachting.de\/en\/wp-json\/wp\/v2\/posts"}],"about":[{"href":"https:\/\/www.logemann-yachting.de\/en\/wp-json\/wp\/v2\/types\/post"}],"author":[{"embeddable":true,"href":"https:\/\/www.logemann-yachting.de\/en\/wp-json\/wp\/v2\/users\/4"}],"replies":[{"embeddable":true,"href":"https:\/\/www.logemann-yachting.de\/en\/wp-json\/wp\/v2\/comments?post=36712"}],"version-history":[{"count":0,"href":"https:\/\/www.logemann-yachting.de\/en\/wp-json\/wp\/v2\/posts\/36712\/revisions"}],"wp:featuredmedia":[{"embeddable":true,"href":"https:\/\/www.logemann-yachting.de\/en\/wp-json\/wp\/v2\/media\/36716"}],"wp:attachment":[{"href":"https:\/\/www.logemann-yachting.de\/en\/wp-json\/wp\/v2\/media?parent=36712"}],"wp:term":[{"taxonomy":"category","embeddable":true,"href":"https:\/\/www.logemann-yachting.de\/en\/wp-json\/wp\/v2\/categories?post=36712"},{"taxonomy":"post_tag","embeddable":true,"href":"https:\/\/www.logemann-yachting.de\/en\/wp-json\/wp\/v2\/tags?post=36712"}],"curies":[{"name":"wp","href":"https:\/\/api.w.org\/{rel}","templated":true}]}}